{"id":15249,"date":"2018-09-28T22:31:22","date_gmt":"2018-09-29T01:31:22","guid":{"rendered":"http:\/\/canalfolia.com.br\/?p=15249"},"modified":"2018-09-28T22:31:22","modified_gmt":"2018-09-29T01:31:22","slug":"espetaculo-infantil-a-lenda-do-unicornio-se-apresenta-em-salvador-neste-final-de-semana","status":"publish","type":"post","link":"https:\/\/somdepapo.com.br\/portal\/espetaculo-infantil-a-lenda-do-unicornio-se-apresenta-em-salvador-neste-final-de-semana\/","title":{"rendered":"TEATRO: ESPET\u00c1CULO INFANTIL \u201cA LENDA DO UNIC\u00d3RNIO\u201d SE APRESENTA EM SALVADOR NESTE FINAL DE SEMANA"},"content":{"rendered":"<p style=\"margin: 0cm; margin-bottom: .0001pt; text-align: justify;\"><strong>Febre entre a garotada<\/strong>, o espet\u00e1culo\u00a0<strong>A Lenda do Unic\u00f3rnio\u00a0<\/strong>vem para encantar a todos.\u00a0\u00a0A pe\u00e7a conta com todos os elementos que encantam o espectador,\u00a0<strong>seja crian\u00e7a ou adulto<\/strong>. O espet\u00e1culo ser\u00e1 apresentado nos dias\u00a0<strong>29 e 30 de setembro<\/strong>, no\u00a0<strong>Teatro Sesc Casa do Comercio<\/strong>, a partir das<strong>\u00a017 horas<\/strong>.<\/p>\n<p>&nbsp;<\/p>\n<p style=\"margin: 0cm; margin-bottom: .0001pt; text-align: justify;\">Na pe\u00e7a, um ser invejoso, ego\u00edsta e sem nem um sentimento de amizade,\u00a0\u00a0foi expulso\u00a0\u00a0do reino onde vivia. Depois de muito perambular de reinos em reinos, Magn\u00f3lia Maligna, uma poderosa bruxa, chega a Terra Encantada para tentar ser rainha desta terra. Para isso precisa roubar o chifre do Unic\u00f3rnio Dourado.<\/p>\n<p>&nbsp;<\/p>\n<p style=\"margin: 0cm; margin-bottom: .0001pt; text-align: justify;\">Com texto e dire\u00e7\u00e3o de Ivan Vilabella, A lenda do Unic\u00f3rnio tem no elenco Clau Pereira, Dricca Navas, Gil Teles, Isadora Sonna, Jairo Cosmo, Lucas Camilo e Rodrigo Andena. A cenografia \u00e9 de Andr\u00e9 Diniz, a sonoriza\u00e7\u00e3o de Ivan Vilabella, ilumina\u00e7\u00e3o de Fabian Canne, trilha sonora de Ivan Vilabella, ilustra\u00e7\u00e3o de Victor Poeta e produ\u00e7\u00e3o local da Carambola Produ\u00e7\u00f5es.<\/p>\n<p>&nbsp;<\/p>\n<h3 style=\"margin: 0cm; margin-bottom: .0001pt; text-align: justify;\"><strong>Servi\u00e7o:<\/strong><\/h3>\n<p style=\"margin: 0cm; margin-bottom: .0001pt; text-align: justify;\"><strong>A Lenda do Unic\u00f3rnio<\/strong><\/p>\n<p style=\"margin: 0cm; margin-bottom: .0001pt; text-align: justify;\">Onde: Teatro Sesc Casa do Com\u00e9rcio<\/p>\n<p style=\"margin: 0cm; margin-bottom: .0001pt; text-align: justify;\">Quando: 29 e 30 de setembro (s\u00e1bado e domingo)<\/p>\n<p style=\"margin: 0cm; margin-bottom: .0001pt; text-align: justify;\">Hor\u00e1rio: 17h<\/p>\n<p style=\"margin: 0cm; margin-bottom: .0001pt; text-align: justify;\">Quanto:\u00a0\u00a0\u00a0R$ 80,00 (inteira) \/ R$ 40,00 (meia)<\/p>\n<p style=\"margin: 0cm; margin-bottom: .0001pt; text-align: justify;\">Vendas: bilheteria do teatro ou pelo site\u00a0<a href=\"http:\/\/ingressorapido.com\/\" data-saferedirecturl=\"https:\/\/www.google.com\/url?q=http:\/\/ingressorapido.com\/&amp;source=gmail&amp;ust=1538269955656000&amp;usg=AFQjCNFU-gwCoZNCKFg7_zRdLFN21VhgKA\">ingressorapido.com<\/a><\/p>\n<p style=\"margin: 0cm; margin-bottom: .0001pt; text-align: justify;\">Informa\u00e7\u00f5es: (71) 3273-8543<\/p>\n","protected":false},"excerpt":{"rendered":"<p>Febre entre a garotada, o espet\u00e1culo\u00a0A Lenda do Unic\u00f3rnio\u00a0vem para encantar a todos.\u00a0\u00a0A pe\u00e7a conta com todos os elementos que encantam o espectador,\u00a0seja crian\u00e7a ou adulto. O espet\u00e1culo ser\u00e1 apresentado nos dias\u00a029 e 30 de setembro, no\u00a0Teatro Sesc Casa do Comercio, a partir das\u00a017 horas. &nbsp; Na pe\u00e7a, um ser invejoso, ego\u00edsta e sem nem [&hellip;]<\/p>\n","protected":false},"author":1,"featured_media":0,"comment_status":"open","ping_status":"open","sticky":false,"template":"","format":"standard","meta":{"ngg_post_thumbnail":0,"footnotes":""},"categories":[9],"tags":[],"class_list":["post-15249","post","type-post","status-publish","format-standard","hentry","category-teatro"],"_links":{"self":[{"href":"https:\/\/somdepapo.com.br\/portal\/wp-json\/wp\/v2\/posts\/15249","targetHints":{"allow":["GET"]}}],"collection":[{"href":"https:\/\/somdepapo.com.br\/portal\/wp-json\/wp\/v2\/posts"}],"about":[{"href":"https:\/\/somdepapo.com.br\/portal\/wp-json\/wp\/v2\/types\/post"}],"author":[{"embeddable":true,"href":"https:\/\/somdepapo.com.br\/portal\/wp-json\/wp\/v2\/users\/1"}],"replies":[{"embeddable":true,"href":"https:\/\/somdepapo.com.br\/portal\/wp-json\/wp\/v2\/comments?post=15249"}],"version-history":[{"count":0,"href":"https:\/\/somdepapo.com.br\/portal\/wp-json\/wp\/v2\/posts\/15249\/revisions"}],"wp:attachment":[{"href":"https:\/\/somdepapo.com.br\/portal\/wp-json\/wp\/v2\/media?parent=15249"}],"wp:term":[{"taxonomy":"category","embeddable":true,"href":"https:\/\/somdepapo.com.br\/portal\/wp-json\/wp\/v2\/categories?post=15249"},{"taxonomy":"post_tag","embeddable":true,"href":"https:\/\/somdepapo.com.br\/portal\/wp-json\/wp\/v2\/tags?post=15249"}],"curies":[{"name":"wp","href":"https:\/\/api.w.org\/{rel}","templated":true}]}}