{"id":18436,"date":"2019-01-23T19:52:53","date_gmt":"2019-01-23T21:52:53","guid":{"rendered":"https:\/\/canalfolia.com.br\/guig-ghetto-anima-festa-em-santo-amaro-e-ensaio-no-zen-essa-semana\/"},"modified":"2019-01-23T19:52:53","modified_gmt":"2019-01-23T21:52:53","slug":"guig-ghetto-anima-festa-em-santo-amaro-e-ensaio-no-zen-essa-semana","status":"publish","type":"post","link":"https:\/\/somdepapo.com.br\/portal\/guig-ghetto-anima-festa-em-santo-amaro-e-ensaio-no-zen-essa-semana\/","title":{"rendered":"GUIG GHETTO ANIMA FESTA EM SANTO AMARO E ENSAIO NO ZEN ESSA SEMANA"},"content":{"rendered":"\n<p>A banda Guig Ghetto j\u00e1 est\u00e1 aquecendo as turbinas para o Carnaval 2019. E para essa semana, a primeira parada ser\u00e1 no s\u00e1bado, dia 26 de janeiro, em Santo Amaro, no rec\u00f4ncavo baiano, onde anima a tradicional Festa da Purifica\u00e7\u00e3o. J\u00e1 no domingo, dia 27, falc\u00e3o e sua banda retornam \u00e0 Salvador para comandar o &#8216;Domingo do Zen&#8217;, no Zen Salvador, Rio Vermelho. O evento mais procurado nas noites de domingo na capital baiana promete encerrar o final de semana com chave de ouro. Para os shows, a Guig est\u00e1 preparando um repert\u00f3rio dan\u00e7ante e cheio de sucessos. No setlist, estar\u00e3o hits do pagode, al\u00e9m de sucessos de carreira como&nbsp;\u201cPress\u00e3o\u201d, \u201cCalma\u201d, \u201cQuem \u00e9 que Balan\u00e7a o Povo\u201d e \u201cArrast\u00e3o da Guig\u201d. Isso sem falar na atual m\u00fasica de trabalho, \u201cDesce sem Vergonha\u201d, carro chefe dos shows!<\/p>\n\n\n\n<p><br><strong>Servi\u00e7o:<\/strong><\/p>\n\n\n\n<p><strong>Domingo do Zen \u2013 Guig Ghetto + DJ Rodrigo Fi\u00faza<\/strong><\/p>\n\n\n\n<p>Zen Salvador,&nbsp;Rua Conselheiro Pedro Luiz, 314 \u2013 Rio Vermelho.<\/p>\n\n\n\n<p>Domingo, 27 de janeiro de 2019, a partir das 20 horas.<\/p>\n\n\n\n<p>Ingressos: R$ 65 (fora da lista) \/ R$ 45 (lista) \/ R$ 25 (vip)<\/p>\n\n\n\n<p>Informa\u00e7\u00f5es e reservas: (071) 3335-3335 \/ 9 9953-6575(whatsapp)<\/p>\n","protected":false},"excerpt":{"rendered":"<p>A banda Guig Ghetto j\u00e1 est\u00e1 aquecendo as turbinas para o Carnaval 2019. E para essa semana, a primeira parada ser\u00e1 no s\u00e1bado, dia 26 de janeiro, em Santo Amaro, no rec\u00f4ncavo baiano, onde anima a tradicional Festa da Purifica\u00e7\u00e3o. J\u00e1 no domingo, dia 27, falc\u00e3o e sua banda retornam \u00e0 Salvador para comandar o [&hellip;]<\/p>\n","protected":false},"author":1,"featured_media":0,"comment_status":"open","ping_status":"open","sticky":false,"template":"","format":"standard","meta":{"ngg_post_thumbnail":0,"footnotes":""},"categories":[2],"tags":[],"class_list":["post-18436","post","type-post","status-publish","format-standard","hentry","category-destaques"],"_links":{"self":[{"href":"https:\/\/somdepapo.com.br\/portal\/wp-json\/wp\/v2\/posts\/18436","targetHints":{"allow":["GET"]}}],"collection":[{"href":"https:\/\/somdepapo.com.br\/portal\/wp-json\/wp\/v2\/posts"}],"about":[{"href":"https:\/\/somdepapo.com.br\/portal\/wp-json\/wp\/v2\/types\/post"}],"author":[{"embeddable":true,"href":"https:\/\/somdepapo.com.br\/portal\/wp-json\/wp\/v2\/users\/1"}],"replies":[{"embeddable":true,"href":"https:\/\/somdepapo.com.br\/portal\/wp-json\/wp\/v2\/comments?post=18436"}],"version-history":[{"count":0,"href":"https:\/\/somdepapo.com.br\/portal\/wp-json\/wp\/v2\/posts\/18436\/revisions"}],"wp:attachment":[{"href":"https:\/\/somdepapo.com.br\/portal\/wp-json\/wp\/v2\/media?parent=18436"}],"wp:term":[{"taxonomy":"category","embeddable":true,"href":"https:\/\/somdepapo.com.br\/portal\/wp-json\/wp\/v2\/categories?post=18436"},{"taxonomy":"post_tag","embeddable":true,"href":"https:\/\/somdepapo.com.br\/portal\/wp-json\/wp\/v2\/tags?post=18436"}],"curies":[{"name":"wp","href":"https:\/\/api.w.org\/{rel}","templated":true}]}}