{"id":18443,"date":"2019-01-23T20:22:19","date_gmt":"2019-01-23T22:22:19","guid":{"rendered":"https:\/\/canalfolia.com.br\/coffeetown-invites-recebe-bartender-ale-barberino-em-noite-especial\/"},"modified":"2019-01-23T20:22:19","modified_gmt":"2019-01-23T22:22:19","slug":"coffeetown-invites-recebe-bartender-ale-barberino-em-noite-especial","status":"publish","type":"post","link":"https:\/\/somdepapo.com.br\/portal\/coffeetown-invites-recebe-bartender-ale-barberino-em-noite-especial\/","title":{"rendered":"&#8220;COFFEETOWN INVITES&#8221; RECEBE BARTENDER AL\u00ca BARBERINO EM NOITE ESPECIAL"},"content":{"rendered":"\n<p>O bartender&nbsp;<strong>Al\u00ea Barberino<\/strong>&nbsp;\u00e9 o primeiro convidado do&nbsp;<strong><em>Coffeetown Invites<\/em><\/strong>&nbsp;que a cafeteria e bistr\u00f4, no Corredor da Vit\u00f3ria, promove na pr\u00f3xima ter\u00e7a-feira,&nbsp;<strong>29 de janeiro<\/strong>, a partir das 19h30. Na ocasi\u00e3o, o espa\u00e7o realiza um&nbsp;<em>happy hour<\/em>&nbsp;diferenciado, deixando o bartender, que tem passagem por importantes bares de Salvador, \u00e0 disposi\u00e7\u00e3o do p\u00fablico para preparar os drinks da carta da casa, al\u00e9m de apresentar um drink especial \u00e0 base do novo&nbsp;<strong>Gin Beefeater Pink<\/strong>, que vem conquistando brindes no Ver\u00e3o da capital baiana. Os clientes, a cada 2 drinks \u00e0 base da bebida, ainda levam uma ta\u00e7a da marca para casa.<br><\/p>\n","protected":false},"excerpt":{"rendered":"<p>O bartender&nbsp;Al\u00ea Barberino&nbsp;\u00e9 o primeiro convidado do&nbsp;Coffeetown Invites&nbsp;que a cafeteria e bistr\u00f4, no Corredor da Vit\u00f3ria, promove na pr\u00f3xima ter\u00e7a-feira,&nbsp;29 de janeiro, a partir das 19h30. Na ocasi\u00e3o, o espa\u00e7o realiza um&nbsp;happy hour&nbsp;diferenciado, deixando o bartender, que tem passagem por importantes bares de Salvador, \u00e0 disposi\u00e7\u00e3o do p\u00fablico para preparar os drinks da carta da [&hellip;]<\/p>\n","protected":false},"author":1,"featured_media":0,"comment_status":"open","ping_status":"open","sticky":false,"template":"","format":"standard","meta":{"ngg_post_thumbnail":0,"footnotes":""},"categories":[2],"tags":[],"class_list":["post-18443","post","type-post","status-publish","format-standard","hentry","category-destaques"],"_links":{"self":[{"href":"https:\/\/somdepapo.com.br\/portal\/wp-json\/wp\/v2\/posts\/18443","targetHints":{"allow":["GET"]}}],"collection":[{"href":"https:\/\/somdepapo.com.br\/portal\/wp-json\/wp\/v2\/posts"}],"about":[{"href":"https:\/\/somdepapo.com.br\/portal\/wp-json\/wp\/v2\/types\/post"}],"author":[{"embeddable":true,"href":"https:\/\/somdepapo.com.br\/portal\/wp-json\/wp\/v2\/users\/1"}],"replies":[{"embeddable":true,"href":"https:\/\/somdepapo.com.br\/portal\/wp-json\/wp\/v2\/comments?post=18443"}],"version-history":[{"count":0,"href":"https:\/\/somdepapo.com.br\/portal\/wp-json\/wp\/v2\/posts\/18443\/revisions"}],"wp:attachment":[{"href":"https:\/\/somdepapo.com.br\/portal\/wp-json\/wp\/v2\/media?parent=18443"}],"wp:term":[{"taxonomy":"category","embeddable":true,"href":"https:\/\/somdepapo.com.br\/portal\/wp-json\/wp\/v2\/categories?post=18443"},{"taxonomy":"post_tag","embeddable":true,"href":"https:\/\/somdepapo.com.br\/portal\/wp-json\/wp\/v2\/tags?post=18443"}],"curies":[{"name":"wp","href":"https:\/\/api.w.org\/{rel}","templated":true}]}}