{"id":18444,"date":"2019-01-23T20:26:17","date_gmt":"2019-01-23T22:26:17","guid":{"rendered":"https:\/\/canalfolia.com.br\/apos-apresentacao-de-sucesso-flerte-flamingo-ja-anuncia-retorno-a-commons\/"},"modified":"2019-01-23T20:26:17","modified_gmt":"2019-01-23T22:26:17","slug":"apos-apresentacao-de-sucesso-flerte-flamingo-ja-anuncia-retorno-a-commons","status":"publish","type":"post","link":"https:\/\/somdepapo.com.br\/portal\/apos-apresentacao-de-sucesso-flerte-flamingo-ja-anuncia-retorno-a-commons\/","title":{"rendered":"AP\u00d3S APRESENTA\u00c7\u00c3O DE SUCESSO, FLERTE FLAMINGO J\u00c1 ANUNCIA RETORNO \u00c0 COMMONS"},"content":{"rendered":"\n<p>Depois do sucesso do \u00faltimo final de semana, o Flerte Flamingo, considerado um dos nomes que comp\u00f5e o novo som da Bahia, acaba de confirmar uma nova apresenta\u00e7\u00e3o na Commons Studio Bar, no Rio Vermelho! A data escolhida foi 16 de fevereiro, um s\u00e1bado, e promete ser mais uma noite de ainda mais divers\u00e3o e m\u00fasica boa. Para o show, o Flerte apresentar\u00e1 um repert\u00f3rio com can\u00e7\u00f5es dos seus EP\u2019s, inclusive o rec\u00e9m-lan\u00e7ado, batizado de \u201cMais Duas M\u00fasicas de Flerte Flamingo\u201d.<\/p>\n","protected":false},"excerpt":{"rendered":"<p>Depois do sucesso do \u00faltimo final de semana, o Flerte Flamingo, considerado um dos nomes que comp\u00f5e o novo som da Bahia, acaba de confirmar uma nova apresenta\u00e7\u00e3o na Commons Studio Bar, no Rio Vermelho! A data escolhida foi 16 de fevereiro, um s\u00e1bado, e promete ser mais uma noite de ainda mais divers\u00e3o e [&hellip;]<\/p>\n","protected":false},"author":1,"featured_media":0,"comment_status":"open","ping_status":"open","sticky":false,"template":"","format":"standard","meta":{"ngg_post_thumbnail":0,"footnotes":""},"categories":[2],"tags":[],"class_list":["post-18444","post","type-post","status-publish","format-standard","hentry","category-destaques"],"_links":{"self":[{"href":"https:\/\/somdepapo.com.br\/portal\/wp-json\/wp\/v2\/posts\/18444","targetHints":{"allow":["GET"]}}],"collection":[{"href":"https:\/\/somdepapo.com.br\/portal\/wp-json\/wp\/v2\/posts"}],"about":[{"href":"https:\/\/somdepapo.com.br\/portal\/wp-json\/wp\/v2\/types\/post"}],"author":[{"embeddable":true,"href":"https:\/\/somdepapo.com.br\/portal\/wp-json\/wp\/v2\/users\/1"}],"replies":[{"embeddable":true,"href":"https:\/\/somdepapo.com.br\/portal\/wp-json\/wp\/v2\/comments?post=18444"}],"version-history":[{"count":0,"href":"https:\/\/somdepapo.com.br\/portal\/wp-json\/wp\/v2\/posts\/18444\/revisions"}],"wp:attachment":[{"href":"https:\/\/somdepapo.com.br\/portal\/wp-json\/wp\/v2\/media?parent=18444"}],"wp:term":[{"taxonomy":"category","embeddable":true,"href":"https:\/\/somdepapo.com.br\/portal\/wp-json\/wp\/v2\/categories?post=18444"},{"taxonomy":"post_tag","embeddable":true,"href":"https:\/\/somdepapo.com.br\/portal\/wp-json\/wp\/v2\/tags?post=18444"}],"curies":[{"name":"wp","href":"https:\/\/api.w.org\/{rel}","templated":true}]}}