{"id":18448,"date":"2019-01-28T18:28:24","date_gmt":"2019-01-28T20:28:24","guid":{"rendered":"https:\/\/canalfolia.com.br\/kart-love-comanda-lavagem-em-salvador-neste-sabado-02\/"},"modified":"2019-01-28T18:28:24","modified_gmt":"2019-01-28T20:28:24","slug":"kart-love-comanda-lavagem-em-salvador-neste-sabado-02","status":"publish","type":"post","link":"https:\/\/somdepapo.com.br\/portal\/kart-love-comanda-lavagem-em-salvador-neste-sabado-02\/","title":{"rendered":"KART LOVE COMANDA LAVAGEM EM SALVADOR NESTE S\u00c1BADO (02)"},"content":{"rendered":"\n<p>Com a proximidade do Carnaval, os eventos est\u00e3o pipocando por Salvador,e a banda Kart Love segue com a sua agenda recheada de shows. Nesta quinta-feira, dia 31 de janeiro, o grupo est\u00e1 de volta \u00e0 \u201cMelhor Quinta da Cidade\u201d, no GPS \u2013 Live Music, na Pituba, a partir das 22 horas. J\u00e1 no s\u00e1bado, dia 02 de fevereiro, quando se comemora o Dia de Iemanj\u00e1, a rainha das \u00e1guas, Lucas Kart e sua banda comandam a \u201cLavagem do Sky Lounge\u201d, na Cobertura do Hotel Intercity, no Caminho das \u00c1rvores. Para o show, m\u00fasicas de carreira, que marcam a hist\u00f3ria da banda, como \u201cTome Drible\u201d, \u201cVai Lembrar\u201d, \u201cCorno Poeta\u201d e \u201cCarteiro\u201d al\u00e9m da nova m\u00fasica de trabalho, intitulada \u201cS\u00f3 n\u00e3o Me Chame de Corno\u201d. Quem tamb\u00e9m faz a festa por l\u00e1 s\u00e3o as bandas Pagode do Segredo e Club da Farra.<\/p>\n\n\n\n<p><strong>Servi\u00e7os:<\/strong><\/p>\n\n\n\n<p><strong>Melhor Quinta da Cidade &#8211; Kart Love<\/strong><\/p>\n\n\n\n<p>GPS Live Music Bar, Pituba<\/p>\n\n\n\n<p>Quinta-feira, 31\/01\/2019, a partir das 22 horas<\/p>\n\n\n\n<p>Valores: R$ 30 (pista- lista) \/ R$ 50 (\u00e1rea vip \u2013 lista)<\/p>\n\n\n\n<p>Vendas: no local<\/p>\n\n\n\n<p>Informa\u00e7\u00f5es e lista: (71) 9 9334-9964<\/p>\n\n\n\n<p>2 horas de open bar (cerveja, vodka e refrigerante) para elas.<\/p>\n\n\n\n<p><strong>Lavagem do Sky Lounge- Kart Love +&nbsp;Pagode do Segredo + Club da Farra<\/strong><\/p>\n\n\n\n<p>Cobertura do Hotel Intercity &#8211;&nbsp;Edif\u00edcio Salvador Prime &#8211; Av. Tancredo Neves, 2227 &#8211; Caminho das \u00c1rvores<\/p>\n\n\n\n<p>S\u00e1bado, 02\/02\/2011, a partir das 20horas<\/p>\n\n\n\n<p>Valor:R$ 40<\/p>\n\n\n\n<p>Vendas:\u00a0<a href=\"https:\/\/www.sympla.com.br\/lavagem-do-skylounge--kartlove-pagode-do-segredo-e-club-da-farra__445451\" target=\"_blank\" rel=\"noreferrer noopener\" aria-label=\" (abre em uma nova aba)\">https:\/\/www.sympla.com.br\/lavagem-do-skylounge&#8211;kartlove-pagode-do-segredo-e-club-da-farra__445451<\/a>\u00a0e no local<br><\/p>\n","protected":false},"excerpt":{"rendered":"<p>Com a proximidade do Carnaval, os eventos est\u00e3o pipocando por Salvador,e a banda Kart Love segue com a sua agenda recheada de shows. Nesta quinta-feira, dia 31 de janeiro, o grupo est\u00e1 de volta \u00e0 \u201cMelhor Quinta da Cidade\u201d, no GPS \u2013 Live Music, na Pituba, a partir das 22 horas. J\u00e1 no s\u00e1bado, dia [&hellip;]<\/p>\n","protected":false},"author":1,"featured_media":0,"comment_status":"open","ping_status":"open","sticky":false,"template":"","format":"standard","meta":{"ngg_post_thumbnail":0,"footnotes":""},"categories":[2],"tags":[],"class_list":["post-18448","post","type-post","status-publish","format-standard","hentry","category-destaques"],"_links":{"self":[{"href":"https:\/\/somdepapo.com.br\/portal\/wp-json\/wp\/v2\/posts\/18448","targetHints":{"allow":["GET"]}}],"collection":[{"href":"https:\/\/somdepapo.com.br\/portal\/wp-json\/wp\/v2\/posts"}],"about":[{"href":"https:\/\/somdepapo.com.br\/portal\/wp-json\/wp\/v2\/types\/post"}],"author":[{"embeddable":true,"href":"https:\/\/somdepapo.com.br\/portal\/wp-json\/wp\/v2\/users\/1"}],"replies":[{"embeddable":true,"href":"https:\/\/somdepapo.com.br\/portal\/wp-json\/wp\/v2\/comments?post=18448"}],"version-history":[{"count":0,"href":"https:\/\/somdepapo.com.br\/portal\/wp-json\/wp\/v2\/posts\/18448\/revisions"}],"wp:attachment":[{"href":"https:\/\/somdepapo.com.br\/portal\/wp-json\/wp\/v2\/media?parent=18448"}],"wp:term":[{"taxonomy":"category","embeddable":true,"href":"https:\/\/somdepapo.com.br\/portal\/wp-json\/wp\/v2\/categories?post=18448"},{"taxonomy":"post_tag","embeddable":true,"href":"https:\/\/somdepapo.com.br\/portal\/wp-json\/wp\/v2\/tags?post=18448"}],"curies":[{"name":"wp","href":"https:\/\/api.w.org\/{rel}","templated":true}]}}