{"id":18451,"date":"2019-01-28T18:38:08","date_gmt":"2019-01-28T20:38:08","guid":{"rendered":"https:\/\/canalfolia.com.br\/viola-de-doze-comanda-mais-um-ensaio-de-verao-nesta-semana\/"},"modified":"2019-01-28T18:38:08","modified_gmt":"2019-01-28T20:38:08","slug":"viola-de-doze-comanda-mais-um-ensaio-de-verao-nesta-semana","status":"publish","type":"post","link":"https:\/\/somdepapo.com.br\/portal\/viola-de-doze-comanda-mais-um-ensaio-de-verao-nesta-semana\/","title":{"rendered":"VIOLA DE DOZE COMANDA MAIS UM &#8220;ENSAIO DE VER\u00c3O&#8221; NESTA SEMANA"},"content":{"rendered":"\n<p>A banda Viola de Doze, que vem agitando as noites de sexta, na capital baiana, segue com tudo neste final de semana. Refer\u00eancia do samba raiz na Bahia, o grupo comanda mais uma edi\u00e7\u00e3o dos &#8220;Ensaios de Ver\u00e3o&#8221; nesta sexta-feira, dia 01 de&nbsp;fevereiro, no Largo Quincas Berro D&#8217;\u00e1gua, no Pelourinho. O evento, que come\u00e7a a partir das 19 horas, promete muita divers\u00e3o e m\u00fasica boa. Por l\u00e1, a Viola apresenta um repert\u00f3rio cheio de sucessos do samba tradicional, desses mais de 16 anos de carreira. Al\u00e9m disso, m\u00fasicas do novo CD, inclusive com a m\u00fasica atual de trabalho, a animada &#8220;Isso \u00e9 Lenda&#8221;. O p\u00fablico pode esperar muito agito!<\/p>\n\n\n\n<p><strong>Servi\u00e7o:<\/strong><\/p>\n\n\n\n<p><strong>Ensaios de Ver\u00e3o \u2013&nbsp;Viola&nbsp;de Doze&nbsp;<\/strong><\/p>\n\n\n\n<p>Largo Quincas Berro D&#8217;\u00e1gua, Pelourinho<\/p>\n\n\n\n<p>Sexta-feira, 01 de Fevereiro de 2019, a partir das 19 horas<\/p>\n\n\n\n<p>Valor: R$ 20<\/p>\n\n\n\n<p>Vendas: no local<\/p>\n\n\n\n<p>Informa\u00e7\u00f5es: (71) 9 8802-8677 ou 9 9226-4992<\/p>\n","protected":false},"excerpt":{"rendered":"<p>A banda Viola de Doze, que vem agitando as noites de sexta, na capital baiana, segue com tudo neste final de semana. Refer\u00eancia do samba raiz na Bahia, o grupo comanda mais uma edi\u00e7\u00e3o dos &#8220;Ensaios de Ver\u00e3o&#8221; nesta sexta-feira, dia 01 de&nbsp;fevereiro, no Largo Quincas Berro D&#8217;\u00e1gua, no Pelourinho. O evento, que come\u00e7a a [&hellip;]<\/p>\n","protected":false},"author":1,"featured_media":0,"comment_status":"open","ping_status":"open","sticky":false,"template":"","format":"standard","meta":{"ngg_post_thumbnail":0,"footnotes":""},"categories":[2],"tags":[],"class_list":["post-18451","post","type-post","status-publish","format-standard","hentry","category-destaques"],"_links":{"self":[{"href":"https:\/\/somdepapo.com.br\/portal\/wp-json\/wp\/v2\/posts\/18451","targetHints":{"allow":["GET"]}}],"collection":[{"href":"https:\/\/somdepapo.com.br\/portal\/wp-json\/wp\/v2\/posts"}],"about":[{"href":"https:\/\/somdepapo.com.br\/portal\/wp-json\/wp\/v2\/types\/post"}],"author":[{"embeddable":true,"href":"https:\/\/somdepapo.com.br\/portal\/wp-json\/wp\/v2\/users\/1"}],"replies":[{"embeddable":true,"href":"https:\/\/somdepapo.com.br\/portal\/wp-json\/wp\/v2\/comments?post=18451"}],"version-history":[{"count":0,"href":"https:\/\/somdepapo.com.br\/portal\/wp-json\/wp\/v2\/posts\/18451\/revisions"}],"wp:attachment":[{"href":"https:\/\/somdepapo.com.br\/portal\/wp-json\/wp\/v2\/media?parent=18451"}],"wp:term":[{"taxonomy":"category","embeddable":true,"href":"https:\/\/somdepapo.com.br\/portal\/wp-json\/wp\/v2\/categories?post=18451"},{"taxonomy":"post_tag","embeddable":true,"href":"https:\/\/somdepapo.com.br\/portal\/wp-json\/wp\/v2\/tags?post=18451"}],"curies":[{"name":"wp","href":"https:\/\/api.w.org\/{rel}","templated":true}]}}