{"id":18452,"date":"2019-01-28T18:40:17","date_gmt":"2019-01-28T20:40:17","guid":{"rendered":"https:\/\/canalfolia.com.br\/alexandre-peixe-e-claudia-leitte-se-apresentam-na-festa-de-iemanja-do-yacht-club-da-bahia\/"},"modified":"2019-01-28T18:40:17","modified_gmt":"2019-01-28T20:40:17","slug":"alexandre-peixe-e-claudia-leitte-se-apresentam-na-festa-de-iemanja-do-yacht-club-da-bahia","status":"publish","type":"post","link":"https:\/\/somdepapo.com.br\/portal\/alexandre-peixe-e-claudia-leitte-se-apresentam-na-festa-de-iemanja-do-yacht-club-da-bahia\/","title":{"rendered":"ALEXANDRE PEIXE E CLAUDIA LEITTE SE APRESENTAM NA FESTA DE IEMANJ\u00c1 DO YACHT CLUB DA BAHIA"},"content":{"rendered":"\n<p>Uma das mais tradicionais festas populares da Bahia, o\u00a02 de Fevereiro, quando se homenageia a rainha das \u00e1guas, Iemanj\u00e1, contar\u00e1 com um refor\u00e7o e tanto em 2019. Neste\u00a0s\u00e1bado, acontece no Yacht Club da Bahia, na Barra, uma super festa, que contar\u00e1 com a anima\u00e7\u00e3o de dois grandes nomes da m\u00fasica: Alexandre Peixe e Claudia Leitte. Para a ocasi\u00e3o, Peixe est\u00e1 preparando um repert\u00f3rio recheado de sucessos e que fazem parte da hist\u00f3ria da m\u00fasica baiana. A festa come\u00e7a a partir das 15 horas, e promete muita anima\u00e7\u00e3o! \u201cUm prazer maravilhoso celebrar uma data t\u00e3o marcante para a nossa cultura, num espa\u00e7o lindo, como \u00e9 o Yacht, completamente conectado com o mar&#8230; ainda mais especial por reencontrar uma amiga, que \u00e9 Claudinha. Vamos fazer uma farra boa!\u201d, conta Peixe.<\/p>\n\n\n\n<p><strong>Servi\u00e7o:<\/strong><\/p>\n\n\n\n<p><strong>Festa de Iemanj\u00e1 &#8211; Show de Alexandre Peixe + Claudia Leitte<\/strong><\/p>\n\n\n\n<p>Yacht Club da Bahia &#8211;&nbsp;Av. Sete de Setembro, 3252 &#8211; Barra<\/p>\n\n\n\n<p>S\u00e1bado, 02\/02\/2019, a partir das 15 horas<\/p>\n\n\n\n<p>Valor:&nbsp;R$ 208,00<\/p>\n\n\n\n<p>Vendas: no local<\/p>\n\n\n\n<p>Informa\u00e7\u00f5es e reservas: (71) 2105-9112<\/p>\n","protected":false},"excerpt":{"rendered":"<p>Uma das mais tradicionais festas populares da Bahia, o\u00a02 de Fevereiro, quando se homenageia a rainha das \u00e1guas, Iemanj\u00e1, contar\u00e1 com um refor\u00e7o e tanto em 2019. Neste\u00a0s\u00e1bado, acontece no Yacht Club da Bahia, na Barra, uma super festa, que contar\u00e1 com a anima\u00e7\u00e3o de dois grandes nomes da m\u00fasica: Alexandre Peixe e Claudia Leitte. [&hellip;]<\/p>\n","protected":false},"author":1,"featured_media":0,"comment_status":"open","ping_status":"open","sticky":false,"template":"","format":"standard","meta":{"ngg_post_thumbnail":0,"footnotes":""},"categories":[2],"tags":[],"class_list":["post-18452","post","type-post","status-publish","format-standard","hentry","category-destaques"],"_links":{"self":[{"href":"https:\/\/somdepapo.com.br\/portal\/wp-json\/wp\/v2\/posts\/18452","targetHints":{"allow":["GET"]}}],"collection":[{"href":"https:\/\/somdepapo.com.br\/portal\/wp-json\/wp\/v2\/posts"}],"about":[{"href":"https:\/\/somdepapo.com.br\/portal\/wp-json\/wp\/v2\/types\/post"}],"author":[{"embeddable":true,"href":"https:\/\/somdepapo.com.br\/portal\/wp-json\/wp\/v2\/users\/1"}],"replies":[{"embeddable":true,"href":"https:\/\/somdepapo.com.br\/portal\/wp-json\/wp\/v2\/comments?post=18452"}],"version-history":[{"count":0,"href":"https:\/\/somdepapo.com.br\/portal\/wp-json\/wp\/v2\/posts\/18452\/revisions"}],"wp:attachment":[{"href":"https:\/\/somdepapo.com.br\/portal\/wp-json\/wp\/v2\/media?parent=18452"}],"wp:term":[{"taxonomy":"category","embeddable":true,"href":"https:\/\/somdepapo.com.br\/portal\/wp-json\/wp\/v2\/categories?post=18452"},{"taxonomy":"post_tag","embeddable":true,"href":"https:\/\/somdepapo.com.br\/portal\/wp-json\/wp\/v2\/tags?post=18452"}],"curies":[{"name":"wp","href":"https:\/\/api.w.org\/{rel}","templated":true}]}}