{"id":18461,"date":"2019-01-29T18:07:43","date_gmt":"2019-01-29T20:07:43","guid":{"rendered":"https:\/\/canalfolia.com.br\/mike-love-se-apresenta-em-salvador\/"},"modified":"2019-01-29T18:07:43","modified_gmt":"2019-01-29T20:07:43","slug":"mike-love-se-apresenta-em-salvador","status":"publish","type":"post","link":"https:\/\/somdepapo.com.br\/portal\/mike-love-se-apresenta-em-salvador\/","title":{"rendered":"MIKE LOVE SE APRESENTA EM SALVADOR"},"content":{"rendered":"\n<p><strong>Sexta-feira<\/strong>,&nbsp;<strong>dia 1<\/strong>, tem&nbsp;<strong>artista<\/strong>&nbsp;de&nbsp;<strong>reggae internacional&nbsp;<\/strong>em&nbsp;<strong>Salvador<\/strong>. A&nbsp;<strong>pr\u00e9via da festa<\/strong>&nbsp;<strong>de Iemanj\u00e1<\/strong>, no&nbsp;<strong>Rio Vermelho<\/strong>, ser\u00e1 ao som do&nbsp;compositor\/letrista e arranjador&nbsp;<strong>Mike Love<\/strong>. Nascido em&nbsp;<strong>O&#8217;ahu, Hawai&#8217;i&nbsp;<\/strong>o reggaeman, que pela&nbsp;<strong>primeira vez vem ao Brasil<\/strong>, participar\u00e1 do&nbsp;<strong>Happy Reggae<\/strong>, projeto do&nbsp;<strong>Ad\u00e3o&nbsp;Negro&nbsp;<\/strong>que todas as&nbsp;<strong>sextas-feiras<\/strong>&nbsp;leva boa musica ao&nbsp;<strong>Coliseu do Forr\u00f3<\/strong>. A abertura da casa \u00e9 \u00e0s&nbsp;<strong>22 horas<\/strong>.<\/p>\n\n\n\n<p>Considerado umas das apostas da&nbsp;musica contempor\u00e2nea mundial, j\u00e1 passou por eventos como California Roots (EUA), Byron Bay Bluesfest (Austr\u00e1lia), Jungle Jam (Costa Rica), NZ Soundsplash (Nova Zel\u00e2ndia), Montreal Jazz Fest (Canad\u00e1), Woodstock Festival (Pol\u00f4nia), Reggae Sun Ska (Fran\u00e7a), Summer Vibration (Fran\u00e7a), Irie Vibes (Belgica), Pachamama Festival (Su\u00ed\u00e7a), Ancient Trance (Alemanha), Boomtown Fair (Reino Unido), Festival Musica de Mundo (Portugal) e Memorial Bob (Taiti).<\/p>\n\n\n\n<p>No show, mistura de sons como rock progressivo e cl\u00e1ssico, pop, R&amp;B, soul, blues, flamenco e jazz, com mensagens baseadas na musica Reggae e Rastafari. \u00c9 dono de can\u00e7\u00f5es como I Love You e No Regrets, presentes no alb\u00fam Love Overflowing.<\/p>\n\n\n\n<p><strong>Ad\u00e3o Negro<\/strong>&nbsp;&#8211; Na apresenta\u00e7\u00e3o do Ad\u00e3o, os cl\u00e1ssicos de mais de 20 anos de carreira ser\u00e3o apresentados, al\u00e9m das novas can\u00e7\u00f5es. Destaque para o single in\u00e9dito Pensa e Faz, produzido pelo Ad\u00e3o e o Beatmaker Del Jay, que acabou de ser lan\u00e7ado o audio nas plataformas digitais e o videoclipe na VEVO.&nbsp; A composi\u00e7\u00e3o dividida por Sergio, Del Jay, os rappers Dow Raiz e Ogui, juntamente com o compositor Peu Del Rey, marca nova fase na produ\u00e7\u00e3o da Ad\u00e3o Negro.<\/p>\n\n\n\n<p><strong>Servi\u00e7o:<\/strong><\/p>\n\n\n\n<p>&#8220;Happy Reggae &#8211; Edi\u00e7\u00e3o Especial Internacional&#8221;<\/p>\n\n\n\n<p>Programa\u00e7\u00e3o:<\/p>\n\n\n\n<p>22:00H. Abertura da casa<\/p>\n\n\n\n<p>23:00H Ad\u00e3o Negro e Convidados<\/p>\n\n\n\n<p>01:00H Mike Love.<\/p>\n\n\n\n<p>Quando: Sexta-feira (01\/02)<\/p>\n\n\n\n<p>Onde: Coliseu do Forr\u00f3<\/p>\n\n\n\n<p>Endere\u00e7o: Pra\u00e7a Colombo, 80&nbsp; Rio Vermelho (pr\u00f3ximo a churrascaria Fogo de Ch\u00e3o)<\/p>\n\n\n\n<p>Primeiro Lote: 40,00<\/p>\n","protected":false},"excerpt":{"rendered":"<p>Sexta-feira,&nbsp;dia 1, tem&nbsp;artista&nbsp;de&nbsp;reggae internacional&nbsp;em&nbsp;Salvador. A&nbsp;pr\u00e9via da festa&nbsp;de Iemanj\u00e1, no&nbsp;Rio Vermelho, ser\u00e1 ao som do&nbsp;compositor\/letrista e arranjador&nbsp;Mike Love. Nascido em&nbsp;O&#8217;ahu, Hawai&#8217;i&nbsp;o reggaeman, que pela&nbsp;primeira vez vem ao Brasil, participar\u00e1 do&nbsp;Happy Reggae, projeto do&nbsp;Ad\u00e3o&nbsp;Negro&nbsp;que todas as&nbsp;sextas-feiras&nbsp;leva boa musica ao&nbsp;Coliseu do Forr\u00f3. A abertura da casa \u00e9 \u00e0s&nbsp;22 horas. Considerado umas das apostas da&nbsp;musica contempor\u00e2nea mundial, j\u00e1 passou [&hellip;]<\/p>\n","protected":false},"author":1,"featured_media":0,"comment_status":"open","ping_status":"open","sticky":false,"template":"","format":"standard","meta":{"ngg_post_thumbnail":0,"footnotes":""},"categories":[2],"tags":[],"class_list":["post-18461","post","type-post","status-publish","format-standard","hentry","category-destaques"],"_links":{"self":[{"href":"https:\/\/somdepapo.com.br\/portal\/wp-json\/wp\/v2\/posts\/18461","targetHints":{"allow":["GET"]}}],"collection":[{"href":"https:\/\/somdepapo.com.br\/portal\/wp-json\/wp\/v2\/posts"}],"about":[{"href":"https:\/\/somdepapo.com.br\/portal\/wp-json\/wp\/v2\/types\/post"}],"author":[{"embeddable":true,"href":"https:\/\/somdepapo.com.br\/portal\/wp-json\/wp\/v2\/users\/1"}],"replies":[{"embeddable":true,"href":"https:\/\/somdepapo.com.br\/portal\/wp-json\/wp\/v2\/comments?post=18461"}],"version-history":[{"count":0,"href":"https:\/\/somdepapo.com.br\/portal\/wp-json\/wp\/v2\/posts\/18461\/revisions"}],"wp:attachment":[{"href":"https:\/\/somdepapo.com.br\/portal\/wp-json\/wp\/v2\/media?parent=18461"}],"wp:term":[{"taxonomy":"category","embeddable":true,"href":"https:\/\/somdepapo.com.br\/portal\/wp-json\/wp\/v2\/categories?post=18461"},{"taxonomy":"post_tag","embeddable":true,"href":"https:\/\/somdepapo.com.br\/portal\/wp-json\/wp\/v2\/tags?post=18461"}],"curies":[{"name":"wp","href":"https:\/\/api.w.org\/{rel}","templated":true}]}}