{"id":18464,"date":"2019-01-29T18:18:43","date_gmt":"2019-01-29T20:18:43","guid":{"rendered":"https:\/\/canalfolia.com.br\/leo-fera-e-forrozao-se-apresentam-em-salvador-nesta-quinta-31\/"},"modified":"2019-01-29T18:18:43","modified_gmt":"2019-01-29T20:18:43","slug":"leo-fera-e-forrozao-se-apresentam-em-salvador-nesta-quinta-31","status":"publish","type":"post","link":"https:\/\/somdepapo.com.br\/portal\/leo-fera-e-forrozao-se-apresentam-em-salvador-nesta-quinta-31\/","title":{"rendered":"L\u00c9O FERA E FORROZ\u00c3O SE APRESENTAM EM SALVADOR NESTA QUINTA (31)"},"content":{"rendered":"\n<p>O forr\u00f3 el\u00e9trico vai comandar Salvador, nesta QUINTA-feira, dia 31 de janeiro! Isso porque o cantor L\u00e9o Fera e sua banda Forroz\u00e3o ir\u00e3o se apresentar e prometem muita anima\u00e7\u00e3o no Pra Come\u00e7ar, na Pituba. Por l\u00e1, o cantor faz show num palco que j\u00e1 tem tradi\u00e7\u00e3o de receber o Forroz\u00e3o. Na QUINTA do Pra Come\u00e7ar, L\u00e9o Fera promete n\u00e3o deixar ningu\u00e9m parado, com muitos sucessos do mais nordestino dos ritmos musicais. J\u00e1 no s\u00e1bado, dia 02 de fevereiro, o grupo se apresenta em Aracaju, Sergipe, para um p\u00fablico seleto, em um evento fechado.<\/p>\n\n\n\n<p><strong>Servi\u00e7o:<\/strong><\/p>\n\n\n\n<p><strong>Show com Leo Fera &amp; Forroz\u00e3o<\/strong><\/p>\n\n\n\n<p>Pra Come\u00e7ar Music Bar, Av. Manoel Dias da Silva, 1345 &#8211; Pituba<\/p>\n\n\n\n<p>QUINTA-FEIRA, 31\/01\/2019, a partir das 21 horas.<\/p>\n\n\n\n<p><strong>Valor &#8211; at\u00e9 \u00e0s 23 horas<\/strong><strong>:<\/strong><strong>&nbsp;<\/strong>R$ 30 (feminino) \/ R$ 60 (masculino)<\/p>\n\n\n\n<p>Vendas: no local<\/p>\n\n\n\n<p>Informa\u00e7\u00f5es: (71) 3345-6450 \/ 99105-0150<\/p>\n","protected":false},"excerpt":{"rendered":"<p>O forr\u00f3 el\u00e9trico vai comandar Salvador, nesta QUINTA-feira, dia 31 de janeiro! Isso porque o cantor L\u00e9o Fera e sua banda Forroz\u00e3o ir\u00e3o se apresentar e prometem muita anima\u00e7\u00e3o no Pra Come\u00e7ar, na Pituba. Por l\u00e1, o cantor faz show num palco que j\u00e1 tem tradi\u00e7\u00e3o de receber o Forroz\u00e3o. Na QUINTA do Pra Come\u00e7ar, [&hellip;]<\/p>\n","protected":false},"author":1,"featured_media":0,"comment_status":"open","ping_status":"open","sticky":false,"template":"","format":"standard","meta":{"ngg_post_thumbnail":0,"footnotes":""},"categories":[2],"tags":[],"class_list":["post-18464","post","type-post","status-publish","format-standard","hentry","category-destaques"],"_links":{"self":[{"href":"https:\/\/somdepapo.com.br\/portal\/wp-json\/wp\/v2\/posts\/18464","targetHints":{"allow":["GET"]}}],"collection":[{"href":"https:\/\/somdepapo.com.br\/portal\/wp-json\/wp\/v2\/posts"}],"about":[{"href":"https:\/\/somdepapo.com.br\/portal\/wp-json\/wp\/v2\/types\/post"}],"author":[{"embeddable":true,"href":"https:\/\/somdepapo.com.br\/portal\/wp-json\/wp\/v2\/users\/1"}],"replies":[{"embeddable":true,"href":"https:\/\/somdepapo.com.br\/portal\/wp-json\/wp\/v2\/comments?post=18464"}],"version-history":[{"count":0,"href":"https:\/\/somdepapo.com.br\/portal\/wp-json\/wp\/v2\/posts\/18464\/revisions"}],"wp:attachment":[{"href":"https:\/\/somdepapo.com.br\/portal\/wp-json\/wp\/v2\/media?parent=18464"}],"wp:term":[{"taxonomy":"category","embeddable":true,"href":"https:\/\/somdepapo.com.br\/portal\/wp-json\/wp\/v2\/categories?post=18464"},{"taxonomy":"post_tag","embeddable":true,"href":"https:\/\/somdepapo.com.br\/portal\/wp-json\/wp\/v2\/tags?post=18464"}],"curies":[{"name":"wp","href":"https:\/\/api.w.org\/{rel}","templated":true}]}}