{"id":18906,"date":"2019-05-30T17:27:14","date_gmt":"2019-05-30T20:27:14","guid":{"rendered":"https:\/\/canalfolia.com.br\/?p=18906"},"modified":"2019-05-30T17:27:14","modified_gmt":"2019-05-30T20:27:14","slug":"emocoes-que-nos-norteiam","status":"publish","type":"post","link":"https:\/\/somdepapo.com.br\/portal\/emocoes-que-nos-norteiam\/","title":{"rendered":"SENTIMENTOS QUE NOS NORTEIAM"},"content":{"rendered":"<p style=\"text-align: right;\">Por Marcus Peralva<\/p>\n<p style=\"text-align: justify;\">Prezados leitores,<br \/>\nChegamos a nossa quarta postagem do nosso canal de Literatura e hoje, como n\u00e3o poderia deixar de ser, tentei focar nossa coluna no tema Emo\u00e7\u00f5es que nos norteiam, diante da perda musical que tivemos nesta semana, o cantor Gabriel Diniz.<br \/>\n\u00c9 engra\u00e7ado quando conhecemos uma pessoa e logo de cara j\u00e1 a rotulamos como sendo uma pessoa do bem, do mal, de car\u00e1ter duvidoso, dentre outras tantas coisas e com o passar do tempo confirmamos esta impress\u00e3o ou a reconstru\u00edmos anexando agora um novo sentimento a esta pessoa.<br \/>\nO sentimento, caso realizem uma busca r\u00e1pida na internet, corresponde \u00e0 aptid\u00e3o que um dado individuo possui de perceber e apreciar algo, de se impressionar, de sentir algo, ou de apresentar disposi\u00e7\u00e3o para se comover diante de uma dada situa\u00e7\u00e3o, e por assim der, \u00e9 algo que esta presente em cada um de n\u00f3s, seja em momentos bons e\/ou ruins. Por outro lado, a emo\u00e7\u00e3o \u00e9 uma sensa\u00e7\u00e3o f\u00edsica e emocional que se desenvolve diante a algum est\u00edmulo, que pode ser o pr\u00f3prio sentimento.<br \/>\nNo caso em particular do cantor Gabriel Diniz, certamente muito de n\u00f3s devem ter lembrado, caramba! Ele era muito alto astral, ele era muito divertido, ele vivia sorrindo, dentre outras recorda\u00e7\u00f5es e sentimentos que nutrimos pela imagem do cantor neste tempo em que pudemos conhecer a sua pessoa publicamente.<br \/>\nE isto n\u00e3o difere das pessoas as quais convivemos em nosso dia a dia. Criamos v\u00ednculos com estas pessoas e os sentimentos nascem naturalmente de n\u00f3s para cada uma delas, de forma que a depender da conduta que recebemos da pessoa adorada ou n\u00e3o por nos, uma determinada emo\u00e7\u00e3o se ressalta naturalmente em nosso seblante, podendo esta emo\u00e7\u00e3o ser demonstrada na forma de choro, sorriso, raiva, medo, dentre outros.<br \/>\nFocado no tema Emo\u00e7\u00e3o que fica a nossa dica liter\u00e1ria de hoje. Ela coresponde ao E-book Comandando emo\u00e7\u00f5es de autoria de Shirley Freitas. \u00c9 um livro digital com menos de 25 p\u00e1ginas onde se aborda como as emo\u00e7\u00f5es est\u00e3o presentes em nosso dia a dia podem influenciar nossos sentimentos e emo\u00e7\u00f5es e como se pode melhorar nosso desempenho por meio do controle das emo\u00e7\u00f5es.<br \/>\nFicamos com esta indica\u00e7\u00e3o de leitura nesta semana, lembrando tamb\u00e9m que voc\u00eas podem deixar nos coment\u00e1rios suas sugest\u00f5es e cr\u00edticas sobre a nossa coluna. At\u00e9 a pr\u00f3xima semana e n\u00e3o deixem de prestigiar nossas outras colunas aqui do Canal Folia.<br \/>\nAbra\u00e7o!<\/p>\n<p>&nbsp;<\/p>\n<p>Fonte da foto: https:\/\/www.jrmcoaching.com.br\/blog\/emocoes-primarias-e-secundarias\/<\/p>\n","protected":false},"excerpt":{"rendered":"<p>Por Marcus Peralva Prezados leitores, Chegamos a nossa quarta postagem do nosso canal de Literatura e hoje, como n\u00e3o poderia deixar de ser, tentei focar nossa coluna no tema Emo\u00e7\u00f5es que nos norteiam, diante da perda musical que tivemos nesta semana, o cantor Gabriel Diniz. \u00c9 engra\u00e7ado quando conhecemos uma pessoa e logo de cara [&hellip;]<\/p>\n","protected":false},"author":1,"featured_media":18910,"comment_status":"open","ping_status":"open","sticky":false,"template":"","format":"standard","meta":{"ngg_post_thumbnail":0,"footnotes":""},"categories":[2,23],"tags":[],"class_list":["post-18906","post","type-post","status-publish","format-standard","has-post-thumbnail","hentry","category-destaques","category-literatura"],"_links":{"self":[{"href":"https:\/\/somdepapo.com.br\/portal\/wp-json\/wp\/v2\/posts\/18906","targetHints":{"allow":["GET"]}}],"collection":[{"href":"https:\/\/somdepapo.com.br\/portal\/wp-json\/wp\/v2\/posts"}],"about":[{"href":"https:\/\/somdepapo.com.br\/portal\/wp-json\/wp\/v2\/types\/post"}],"author":[{"embeddable":true,"href":"https:\/\/somdepapo.com.br\/portal\/wp-json\/wp\/v2\/users\/1"}],"replies":[{"embeddable":true,"href":"https:\/\/somdepapo.com.br\/portal\/wp-json\/wp\/v2\/comments?post=18906"}],"version-history":[{"count":0,"href":"https:\/\/somdepapo.com.br\/portal\/wp-json\/wp\/v2\/posts\/18906\/revisions"}],"wp:featuredmedia":[{"embeddable":true,"href":"https:\/\/somdepapo.com.br\/portal\/wp-json\/wp\/v2\/media\/18910"}],"wp:attachment":[{"href":"https:\/\/somdepapo.com.br\/portal\/wp-json\/wp\/v2\/media?parent=18906"}],"wp:term":[{"taxonomy":"category","embeddable":true,"href":"https:\/\/somdepapo.com.br\/portal\/wp-json\/wp\/v2\/categories?post=18906"},{"taxonomy":"post_tag","embeddable":true,"href":"https:\/\/somdepapo.com.br\/portal\/wp-json\/wp\/v2\/tags?post=18906"}],"curies":[{"name":"wp","href":"https:\/\/api.w.org\/{rel}","templated":true}]}}