{"id":19230,"date":"2019-06-18T17:11:36","date_gmt":"2019-06-18T20:11:36","guid":{"rendered":"https:\/\/canalfolia.com.br\/?p=19230"},"modified":"2019-06-18T17:11:36","modified_gmt":"2019-06-18T20:11:36","slug":"a-preferida-neste-feriado-junino","status":"publish","type":"post","link":"https:\/\/somdepapo.com.br\/portal\/a-preferida-neste-feriado-junino\/","title":{"rendered":"A PREFERIDA NESTE FERIADO JUNINO"},"content":{"rendered":"<p style=\"text-align: justify;\">Como \u00e9 conhecida no cen\u00e1rio musical,\u00a0<em>A Preferida do Brasil ,\u00a0<\/em>Banda Magn\u00edficos come\u00e7a sua agenda deste feriad\u00e3o prolongado de Corpus Christi e S\u00e3o Jo\u00e3o, iniciando seus shows em Roraima, passando pela Bahia e fechando a noite de S\u00e3o Jo\u00e3o em Pernambuco.<\/p>\n<p style=\"text-align: justify;\">Ohara Ravick e Fernando Frajola vocalistas da Banda Magn\u00edficos ter\u00e3o apresenta\u00e7\u00f5es pelo interior baiano em S\u00e3o Francisco do Conde, Santo Ant\u00f4nio de Jesus, Candeias, Itatim e Camacari neste fim de semana, lembrando que a banda \u00e9 uma das atra\u00e7\u00f5es do Forr\u00f3 do Lago em Santo Ant\u00f4nio de Jesus. O p\u00fablico j\u00e1 pode ficar preparado para ouvir os grandes sucessos da banda que ter\u00e1 sua primeira turn\u00ea junina com Ohara Ravick na frente do grupo.<\/p>\n","protected":false},"excerpt":{"rendered":"<p>Como \u00e9 conhecida no cen\u00e1rio musical,\u00a0A Preferida do Brasil ,\u00a0Banda Magn\u00edficos come\u00e7a sua agenda deste feriad\u00e3o prolongado de Corpus Christi e S\u00e3o Jo\u00e3o, iniciando seus shows em Roraima, passando pela Bahia e fechando a noite de S\u00e3o Jo\u00e3o em Pernambuco. Ohara Ravick e Fernando Frajola vocalistas da Banda Magn\u00edficos ter\u00e3o apresenta\u00e7\u00f5es pelo interior baiano em [&hellip;]<\/p>\n","protected":false},"author":1,"featured_media":19231,"comment_status":"open","ping_status":"open","sticky":false,"template":"","format":"standard","meta":{"ngg_post_thumbnail":0,"footnotes":""},"categories":[2,4,41],"tags":[],"class_list":["post-19230","post","type-post","status-publish","format-standard","has-post-thumbnail","hentry","category-destaques","category-eventos","category-ultimasnoticias"],"_links":{"self":[{"href":"https:\/\/somdepapo.com.br\/portal\/wp-json\/wp\/v2\/posts\/19230","targetHints":{"allow":["GET"]}}],"collection":[{"href":"https:\/\/somdepapo.com.br\/portal\/wp-json\/wp\/v2\/posts"}],"about":[{"href":"https:\/\/somdepapo.com.br\/portal\/wp-json\/wp\/v2\/types\/post"}],"author":[{"embeddable":true,"href":"https:\/\/somdepapo.com.br\/portal\/wp-json\/wp\/v2\/users\/1"}],"replies":[{"embeddable":true,"href":"https:\/\/somdepapo.com.br\/portal\/wp-json\/wp\/v2\/comments?post=19230"}],"version-history":[{"count":0,"href":"https:\/\/somdepapo.com.br\/portal\/wp-json\/wp\/v2\/posts\/19230\/revisions"}],"wp:featuredmedia":[{"embeddable":true,"href":"https:\/\/somdepapo.com.br\/portal\/wp-json\/wp\/v2\/media\/19231"}],"wp:attachment":[{"href":"https:\/\/somdepapo.com.br\/portal\/wp-json\/wp\/v2\/media?parent=19230"}],"wp:term":[{"taxonomy":"category","embeddable":true,"href":"https:\/\/somdepapo.com.br\/portal\/wp-json\/wp\/v2\/categories?post=19230"},{"taxonomy":"post_tag","embeddable":true,"href":"https:\/\/somdepapo.com.br\/portal\/wp-json\/wp\/v2\/tags?post=19230"}],"curies":[{"name":"wp","href":"https:\/\/api.w.org\/{rel}","templated":true}]}}