{"id":19253,"date":"2019-06-19T14:50:50","date_gmt":"2019-06-19T17:50:50","guid":{"rendered":"https:\/\/canalfolia.com.br\/?p=19253"},"modified":"2019-06-19T14:50:50","modified_gmt":"2019-06-19T17:50:50","slug":"olha-o-chico-chegando","status":"publish","type":"post","link":"https:\/\/somdepapo.com.br\/portal\/olha-o-chico-chegando\/","title":{"rendered":"OLHA O CHICO CHEGANDO"},"content":{"rendered":"<div id=\"m-1302574180818404543\" class=\"mail-message expanded\">\n<div class=\"mail-message-content collapsible zoom-normal mail-show-images \">\n<div class=\"clear\">\n<div dir=\"ltr\">\n<p class=\"m_-9197588553159252507gmail-western\" style=\"text-align: justify;\" align=\"center\">Com grandes atra\u00e7\u00f5es como: <span style=\"font-family: Calibri, sans-serif; color: #171717;\">Magn\u00edficos, Mastruz com Leite, Forroz\u00e3o, D\u00b4Gota Serena, Estakazero, Kart Love, Forr\u00f3 do Tico, DNA de Vaqueiro, Catuaba com Amendoim, Alex e Camargo e Forr\u00f3 Pegada da Chinela, al\u00e9m de bandas e artistas locais como: Forroz\u00e3o Flor de Jasmim, Forrozada O Xote da Balada, Estilo Vaqueiro, dentre outros est\u00e3o na grade de atra\u00e7\u00f5es que ir\u00e3o animar os festejos juninos do Arrai\u00e1 do Chico o qual acontecer\u00e1 n<\/span><span style=\"font-family: Calibri, sans-serif; color: #171717;\">os dias 22, 23, 24, 28 e 29 de junho em S\u00e3o Francisco do Conde na Bahia.<\/span><\/p>\n<p class=\"m_-9197588553159252507gmail-western\" style=\"text-align: justify;\" align=\"center\"><span style=\"font-family: Calibri, sans-serif; color: #171717;\"><img fetchpriority=\"high\" decoding=\"async\" class=\"alignnone size-medium wp-image-19257\" src=\"https:\/\/canalfolia.com.br\/wp-content\/uploads\/2019\/06\/IMG-20190618-WA0106-1-300x300.jpg\" alt=\"\" width=\"300\" height=\"300\" srcset=\"https:\/\/somdepapo.com.br\/portal\/wp-content\/uploads\/2019\/06\/IMG-20190618-WA0106-1-300x300.jpg 300w, https:\/\/somdepapo.com.br\/portal\/wp-content\/uploads\/2019\/06\/IMG-20190618-WA0106-1-150x150.jpg 150w, https:\/\/somdepapo.com.br\/portal\/wp-content\/uploads\/2019\/06\/IMG-20190618-WA0106-1-768x768.jpg 768w, https:\/\/somdepapo.com.br\/portal\/wp-content\/uploads\/2019\/06\/IMG-20190618-WA0106-1-696x696.jpg 696w, https:\/\/somdepapo.com.br\/portal\/wp-content\/uploads\/2019\/06\/IMG-20190618-WA0106-1-420x420.jpg 420w, https:\/\/somdepapo.com.br\/portal\/wp-content\/uploads\/2019\/06\/IMG-20190618-WA0106-1.jpg 1000w\" sizes=\"(max-width: 300px) 100vw, 300px\" \/>\u00a0<\/span><\/p>\n<p align=\"justify\">\n<\/div>\n<\/div>\n<\/div>\n<div class=\"mail-message-footer spacer collapsible\"><\/div>\n<\/div>\n<div id=\"conversation-footer\" class=\"spacer\"><\/div>\n","protected":false},"excerpt":{"rendered":"<p>Com grandes atra\u00e7\u00f5es como: Magn\u00edficos, Mastruz com Leite, Forroz\u00e3o, D\u00b4Gota Serena, Estakazero, Kart Love, Forr\u00f3 do Tico, DNA de Vaqueiro, Catuaba com Amendoim, Alex e Camargo e Forr\u00f3 Pegada da Chinela, al\u00e9m de bandas e artistas locais como: Forroz\u00e3o Flor de Jasmim, Forrozada O Xote da Balada, Estilo Vaqueiro, dentre outros est\u00e3o na grade de [&hellip;]<\/p>\n","protected":false},"author":1,"featured_media":19256,"comment_status":"open","ping_status":"open","sticky":false,"template":"","format":"standard","meta":{"ngg_post_thumbnail":0,"footnotes":""},"categories":[2,4,41],"tags":[],"class_list":["post-19253","post","type-post","status-publish","format-standard","has-post-thumbnail","hentry","category-destaques","category-eventos","category-ultimasnoticias"],"_links":{"self":[{"href":"https:\/\/somdepapo.com.br\/portal\/wp-json\/wp\/v2\/posts\/19253","targetHints":{"allow":["GET"]}}],"collection":[{"href":"https:\/\/somdepapo.com.br\/portal\/wp-json\/wp\/v2\/posts"}],"about":[{"href":"https:\/\/somdepapo.com.br\/portal\/wp-json\/wp\/v2\/types\/post"}],"author":[{"embeddable":true,"href":"https:\/\/somdepapo.com.br\/portal\/wp-json\/wp\/v2\/users\/1"}],"replies":[{"embeddable":true,"href":"https:\/\/somdepapo.com.br\/portal\/wp-json\/wp\/v2\/comments?post=19253"}],"version-history":[{"count":0,"href":"https:\/\/somdepapo.com.br\/portal\/wp-json\/wp\/v2\/posts\/19253\/revisions"}],"wp:featuredmedia":[{"embeddable":true,"href":"https:\/\/somdepapo.com.br\/portal\/wp-json\/wp\/v2\/media\/19256"}],"wp:attachment":[{"href":"https:\/\/somdepapo.com.br\/portal\/wp-json\/wp\/v2\/media?parent=19253"}],"wp:term":[{"taxonomy":"category","embeddable":true,"href":"https:\/\/somdepapo.com.br\/portal\/wp-json\/wp\/v2\/categories?post=19253"},{"taxonomy":"post_tag","embeddable":true,"href":"https:\/\/somdepapo.com.br\/portal\/wp-json\/wp\/v2\/tags?post=19253"}],"curies":[{"name":"wp","href":"https:\/\/api.w.org\/{rel}","templated":true}]}}