{"id":19276,"date":"2019-06-20T14:02:39","date_gmt":"2019-06-20T17:02:39","guid":{"rendered":"https:\/\/canalfolia.com.br\/?p=19276"},"modified":"2019-06-20T14:02:39","modified_gmt":"2019-06-20T17:02:39","slug":"carta-branca-fez-roraima-acender-as-luzes","status":"publish","type":"post","link":"https:\/\/somdepapo.com.br\/portal\/carta-branca-fez-roraima-acender-as-luzes\/","title":{"rendered":"CARTA BRANCA FEZ RORAIMA ACENDER AS LUZES"},"content":{"rendered":"<p style=\"text-align: justify;\">N\u00e3o faltou energia, n\u00e3o teve apag\u00e3o. O que houve? Ontem a Banda Magn\u00edficos reuniu mais de 50.000 pessoas na capital Boa Vista em Roraima.<\/p>\n<p><img fetchpriority=\"high\" decoding=\"async\" class=\"alignnone size-medium wp-image-19279\" src=\"https:\/\/canalfolia.com.br\/wp-content\/uploads\/2019\/06\/Screenshot_2019-06-20-13-50-02-300x169.png\" alt=\"\" width=\"300\" height=\"169\" \/><\/p>\n<p>&nbsp;<\/p>\n<p style=\"text-align: justify;\">Ao som de uma das m\u00fasicas consagradas da banda\u00a0<em>Carta Branca\u00a0<\/em>o p\u00fablico no embalo da can\u00e7\u00e3o, acenderam as luzes de seus celulares e no balan\u00e7ar dos bra\u00e7os de um lado pro outro, cantaram a bel\u00edssima m\u00fasica que na nova turn\u00ea da Magn\u00edficos tem sido cantada em dueto nas vozes de Ohara Ravick e Fernando Frajola.<\/p>\n<p><img decoding=\"async\" class=\"alignnone size-medium wp-image-19278\" src=\"https:\/\/canalfolia.com.br\/wp-content\/uploads\/2019\/06\/Screenshot_2019-06-20-13-50-24-300x169.png\" alt=\"\" width=\"300\" height=\"169\" srcset=\"https:\/\/somdepapo.com.br\/portal\/wp-content\/uploads\/2019\/06\/Screenshot_2019-06-20-13-50-24-300x169.png 300w, https:\/\/somdepapo.com.br\/portal\/wp-content\/uploads\/2019\/06\/Screenshot_2019-06-20-13-50-24-1024x576.png 1024w, https:\/\/somdepapo.com.br\/portal\/wp-content\/uploads\/2019\/06\/Screenshot_2019-06-20-13-50-24-768x432.png 768w, https:\/\/somdepapo.com.br\/portal\/wp-content\/uploads\/2019\/06\/Screenshot_2019-06-20-13-50-24-696x392.png 696w, https:\/\/somdepapo.com.br\/portal\/wp-content\/uploads\/2019\/06\/Screenshot_2019-06-20-13-50-24-1068x601.png 1068w, https:\/\/somdepapo.com.br\/portal\/wp-content\/uploads\/2019\/06\/Screenshot_2019-06-20-13-50-24-747x420.png 747w, https:\/\/somdepapo.com.br\/portal\/wp-content\/uploads\/2019\/06\/Screenshot_2019-06-20-13-50-24.png 1280w\" sizes=\"(max-width: 300px) 100vw, 300px\" \/><\/p>\n<p style=\"text-align: justify;\">Quem pensa que S\u00e3o Jo\u00e3o \u00e9 s\u00f3 no Nordeste, t\u00e1 enganado. Vejam nas fotos a vibra\u00e7\u00e3o da popula\u00e7\u00e3o do Norte do Brasil ao som da\u00a0<em>Preferida do Brasil ,<\/em> Banda Magn\u00edficos.<\/p>\n","protected":false},"excerpt":{"rendered":"<p>N\u00e3o faltou energia, n\u00e3o teve apag\u00e3o. O que houve? Ontem a Banda Magn\u00edficos reuniu mais de 50.000 pessoas na capital Boa Vista em Roraima. &nbsp; Ao som de uma das m\u00fasicas consagradas da banda\u00a0Carta Branca\u00a0o p\u00fablico no embalo da can\u00e7\u00e3o, acenderam as luzes de seus celulares e no balan\u00e7ar dos bra\u00e7os de um lado pro [&hellip;]<\/p>\n","protected":false},"author":1,"featured_media":19277,"comment_status":"open","ping_status":"open","sticky":false,"template":"","format":"standard","meta":{"ngg_post_thumbnail":0,"footnotes":""},"categories":[2,4,31,41],"tags":[],"class_list":["post-19276","post","type-post","status-publish","format-standard","has-post-thumbnail","hentry","category-destaques","category-eventos","category-noticias","category-ultimasnoticias"],"_links":{"self":[{"href":"https:\/\/somdepapo.com.br\/portal\/wp-json\/wp\/v2\/posts\/19276","targetHints":{"allow":["GET"]}}],"collection":[{"href":"https:\/\/somdepapo.com.br\/portal\/wp-json\/wp\/v2\/posts"}],"about":[{"href":"https:\/\/somdepapo.com.br\/portal\/wp-json\/wp\/v2\/types\/post"}],"author":[{"embeddable":true,"href":"https:\/\/somdepapo.com.br\/portal\/wp-json\/wp\/v2\/users\/1"}],"replies":[{"embeddable":true,"href":"https:\/\/somdepapo.com.br\/portal\/wp-json\/wp\/v2\/comments?post=19276"}],"version-history":[{"count":0,"href":"https:\/\/somdepapo.com.br\/portal\/wp-json\/wp\/v2\/posts\/19276\/revisions"}],"wp:featuredmedia":[{"embeddable":true,"href":"https:\/\/somdepapo.com.br\/portal\/wp-json\/wp\/v2\/media\/19277"}],"wp:attachment":[{"href":"https:\/\/somdepapo.com.br\/portal\/wp-json\/wp\/v2\/media?parent=19276"}],"wp:term":[{"taxonomy":"category","embeddable":true,"href":"https:\/\/somdepapo.com.br\/portal\/wp-json\/wp\/v2\/categories?post=19276"},{"taxonomy":"post_tag","embeddable":true,"href":"https:\/\/somdepapo.com.br\/portal\/wp-json\/wp\/v2\/tags?post=19276"}],"curies":[{"name":"wp","href":"https:\/\/api.w.org\/{rel}","templated":true}]}}