{"id":19289,"date":"2019-06-20T16:33:33","date_gmt":"2019-06-20T19:33:33","guid":{"rendered":"https:\/\/canalfolia.com.br\/?p=19289"},"modified":"2019-06-20T16:33:33","modified_gmt":"2019-06-20T19:33:33","slug":"na-capital-tem-festejos-juninos-no-coliseu","status":"publish","type":"post","link":"https:\/\/somdepapo.com.br\/portal\/na-capital-tem-festejos-juninos-no-coliseu\/","title":{"rendered":"NA CAPITAL BAIANA TEM FESTEJOS JUNINOS NO COLISEU"},"content":{"rendered":"<p style=\"text-align: justify;\">Para quem n\u00e3o quis ir pro interior, tem folia junina na capital baiana no Coliseu do Forr\u00f3 que promete reunir baianos e turistas nos dias 21,22 e 23 de junho com atra\u00e7\u00f5es t\u00edpicas.<\/p>\n<p style=\"text-align: justify;\">Veja a grade de programa\u00e7\u00e3o abaixo e aproveite pra dan\u00e7ar muito forr\u00f3 num ambiente fechado (se chover n\u00e3o se molha), com comidas e bebidas t\u00edpicas.<\/p>\n<p><img fetchpriority=\"high\" decoding=\"async\" class=\"alignnone size-medium wp-image-19290\" src=\"https:\/\/canalfolia.com.br\/wp-content\/uploads\/2019\/06\/IMG-20190620-WA0024-300x300.jpg\" alt=\"\" width=\"300\" height=\"300\" srcset=\"https:\/\/somdepapo.com.br\/portal\/wp-content\/uploads\/2019\/06\/IMG-20190620-WA0024-300x300.jpg 300w, https:\/\/somdepapo.com.br\/portal\/wp-content\/uploads\/2019\/06\/IMG-20190620-WA0024-150x150.jpg 150w, https:\/\/somdepapo.com.br\/portal\/wp-content\/uploads\/2019\/06\/IMG-20190620-WA0024-768x768.jpg 768w, https:\/\/somdepapo.com.br\/portal\/wp-content\/uploads\/2019\/06\/IMG-20190620-WA0024-696x696.jpg 696w, https:\/\/somdepapo.com.br\/portal\/wp-content\/uploads\/2019\/06\/IMG-20190620-WA0024-420x420.jpg 420w, https:\/\/somdepapo.com.br\/portal\/wp-content\/uploads\/2019\/06\/IMG-20190620-WA0024.jpg 900w\" sizes=\"(max-width: 300px) 100vw, 300px\" \/> <img decoding=\"async\" class=\"alignnone size-medium wp-image-19291\" src=\"https:\/\/canalfolia.com.br\/wp-content\/uploads\/2019\/06\/IMG-20190620-WA0021-300x300.jpg\" alt=\"\" width=\"300\" height=\"300\" srcset=\"https:\/\/somdepapo.com.br\/portal\/wp-content\/uploads\/2019\/06\/IMG-20190620-WA0021-300x300.jpg 300w, https:\/\/somdepapo.com.br\/portal\/wp-content\/uploads\/2019\/06\/IMG-20190620-WA0021-150x150.jpg 150w, https:\/\/somdepapo.com.br\/portal\/wp-content\/uploads\/2019\/06\/IMG-20190620-WA0021-768x768.jpg 768w, https:\/\/somdepapo.com.br\/portal\/wp-content\/uploads\/2019\/06\/IMG-20190620-WA0021-696x696.jpg 696w, https:\/\/somdepapo.com.br\/portal\/wp-content\/uploads\/2019\/06\/IMG-20190620-WA0021-420x420.jpg 420w, https:\/\/somdepapo.com.br\/portal\/wp-content\/uploads\/2019\/06\/IMG-20190620-WA0021.jpg 900w\" sizes=\"(max-width: 300px) 100vw, 300px\" \/><\/p>\n<p><img decoding=\"async\" class=\"alignnone size-medium wp-image-19298\" src=\"https:\/\/canalfolia.com.br\/wp-content\/uploads\/2019\/06\/IMG-20190620-WA0034-300x300.jpg\" alt=\"\" width=\"300\" height=\"300\" srcset=\"https:\/\/somdepapo.com.br\/portal\/wp-content\/uploads\/2019\/06\/IMG-20190620-WA0034-300x300.jpg 300w, https:\/\/somdepapo.com.br\/portal\/wp-content\/uploads\/2019\/06\/IMG-20190620-WA0034-150x150.jpg 150w, https:\/\/somdepapo.com.br\/portal\/wp-content\/uploads\/2019\/06\/IMG-20190620-WA0034-768x768.jpg 768w, https:\/\/somdepapo.com.br\/portal\/wp-content\/uploads\/2019\/06\/IMG-20190620-WA0034-696x696.jpg 696w, https:\/\/somdepapo.com.br\/portal\/wp-content\/uploads\/2019\/06\/IMG-20190620-WA0034-420x420.jpg 420w, https:\/\/somdepapo.com.br\/portal\/wp-content\/uploads\/2019\/06\/IMG-20190620-WA0034.jpg 900w\" sizes=\"(max-width: 300px) 100vw, 300px\" \/><\/p>\n","protected":false},"excerpt":{"rendered":"<p>Para quem n\u00e3o quis ir pro interior, tem folia junina na capital baiana no Coliseu do Forr\u00f3 que promete reunir baianos e turistas nos dias 21,22 e 23 de junho com atra\u00e7\u00f5es t\u00edpicas. Veja a grade de programa\u00e7\u00e3o abaixo e aproveite pra dan\u00e7ar muito forr\u00f3 num ambiente fechado (se chover n\u00e3o se molha), com comidas [&hellip;]<\/p>\n","protected":false},"author":1,"featured_media":19300,"comment_status":"open","ping_status":"open","sticky":false,"template":"","format":"standard","meta":{"ngg_post_thumbnail":0,"footnotes":""},"categories":[2,4,41],"tags":[],"class_list":["post-19289","post","type-post","status-publish","format-standard","has-post-thumbnail","hentry","category-destaques","category-eventos","category-ultimasnoticias"],"_links":{"self":[{"href":"https:\/\/somdepapo.com.br\/portal\/wp-json\/wp\/v2\/posts\/19289","targetHints":{"allow":["GET"]}}],"collection":[{"href":"https:\/\/somdepapo.com.br\/portal\/wp-json\/wp\/v2\/posts"}],"about":[{"href":"https:\/\/somdepapo.com.br\/portal\/wp-json\/wp\/v2\/types\/post"}],"author":[{"embeddable":true,"href":"https:\/\/somdepapo.com.br\/portal\/wp-json\/wp\/v2\/users\/1"}],"replies":[{"embeddable":true,"href":"https:\/\/somdepapo.com.br\/portal\/wp-json\/wp\/v2\/comments?post=19289"}],"version-history":[{"count":0,"href":"https:\/\/somdepapo.com.br\/portal\/wp-json\/wp\/v2\/posts\/19289\/revisions"}],"wp:featuredmedia":[{"embeddable":true,"href":"https:\/\/somdepapo.com.br\/portal\/wp-json\/wp\/v2\/media\/19300"}],"wp:attachment":[{"href":"https:\/\/somdepapo.com.br\/portal\/wp-json\/wp\/v2\/media?parent=19289"}],"wp:term":[{"taxonomy":"category","embeddable":true,"href":"https:\/\/somdepapo.com.br\/portal\/wp-json\/wp\/v2\/categories?post=19289"},{"taxonomy":"post_tag","embeddable":true,"href":"https:\/\/somdepapo.com.br\/portal\/wp-json\/wp\/v2\/tags?post=19289"}],"curies":[{"name":"wp","href":"https:\/\/api.w.org\/{rel}","templated":true}]}}