{"id":19317,"date":"2019-06-21T16:28:44","date_gmt":"2019-06-21T19:28:44","guid":{"rendered":"https:\/\/canalfolia.com.br\/?p=19317"},"modified":"2019-06-21T16:28:44","modified_gmt":"2019-06-21T19:28:44","slug":"samya-maia-em-monteiro","status":"publish","type":"post","link":"https:\/\/somdepapo.com.br\/portal\/samya-maia-em-monteiro\/","title":{"rendered":"SAMYA MAIA EM MONTEIRO"},"content":{"rendered":"<p style=\"text-align: justify;\">Seguindo sua maratona de shows com um repert\u00f3rio que relembra grandes m\u00fasicas do nosso forr\u00f3, n\u00e3o s\u00f3 as que foram interpretadas por ela como \u00c9 <em>Chamego ou Xaveco,<\/em> mas tamb\u00e9m can\u00e7\u00f5es de outras bandas que marcaram a d\u00e9cada de 80 e 90, a cantora Samya Maia se apresenta hoje no munic\u00edpio de Monteiro na Para\u00edba, cidade esta que abra\u00e7ou a loira e tem um carinho muito especial pela artista.<\/p>\n<p><img fetchpriority=\"high\" decoding=\"async\" class=\"alignnone size-medium wp-image-19324\" src=\"https:\/\/canalfolia.com.br\/wp-content\/uploads\/2019\/06\/Screenshot_2019-06-21-16-37-24-169x300.png\" alt=\"\" width=\"169\" height=\"300\" srcset=\"https:\/\/somdepapo.com.br\/portal\/wp-content\/uploads\/2019\/06\/Screenshot_2019-06-21-16-37-24-169x300.png 169w, https:\/\/somdepapo.com.br\/portal\/wp-content\/uploads\/2019\/06\/Screenshot_2019-06-21-16-37-24-576x1024.png 576w, https:\/\/somdepapo.com.br\/portal\/wp-content\/uploads\/2019\/06\/Screenshot_2019-06-21-16-37-24-696x1237.png 696w, https:\/\/somdepapo.com.br\/portal\/wp-content\/uploads\/2019\/06\/Screenshot_2019-06-21-16-37-24-236x420.png 236w, https:\/\/somdepapo.com.br\/portal\/wp-content\/uploads\/2019\/06\/Screenshot_2019-06-21-16-37-24.png 720w\" sizes=\"(max-width: 169px) 100vw, 169px\" \/><\/p>\n<p>&nbsp;<\/p>\n","protected":false},"excerpt":{"rendered":"<p>Seguindo sua maratona de shows com um repert\u00f3rio que relembra grandes m\u00fasicas do nosso forr\u00f3, n\u00e3o s\u00f3 as que foram interpretadas por ela como \u00c9 Chamego ou Xaveco, mas tamb\u00e9m can\u00e7\u00f5es de outras bandas que marcaram a d\u00e9cada de 80 e 90, a cantora Samya Maia se apresenta hoje no munic\u00edpio de Monteiro na Para\u00edba, [&hellip;]<\/p>\n","protected":false},"author":1,"featured_media":19319,"comment_status":"open","ping_status":"open","sticky":false,"template":"","format":"standard","meta":{"ngg_post_thumbnail":0,"footnotes":""},"categories":[2,4,31,41],"tags":[],"class_list":["post-19317","post","type-post","status-publish","format-standard","has-post-thumbnail","hentry","category-destaques","category-eventos","category-noticias","category-ultimasnoticias"],"_links":{"self":[{"href":"https:\/\/somdepapo.com.br\/portal\/wp-json\/wp\/v2\/posts\/19317","targetHints":{"allow":["GET"]}}],"collection":[{"href":"https:\/\/somdepapo.com.br\/portal\/wp-json\/wp\/v2\/posts"}],"about":[{"href":"https:\/\/somdepapo.com.br\/portal\/wp-json\/wp\/v2\/types\/post"}],"author":[{"embeddable":true,"href":"https:\/\/somdepapo.com.br\/portal\/wp-json\/wp\/v2\/users\/1"}],"replies":[{"embeddable":true,"href":"https:\/\/somdepapo.com.br\/portal\/wp-json\/wp\/v2\/comments?post=19317"}],"version-history":[{"count":0,"href":"https:\/\/somdepapo.com.br\/portal\/wp-json\/wp\/v2\/posts\/19317\/revisions"}],"wp:featuredmedia":[{"embeddable":true,"href":"https:\/\/somdepapo.com.br\/portal\/wp-json\/wp\/v2\/media\/19319"}],"wp:attachment":[{"href":"https:\/\/somdepapo.com.br\/portal\/wp-json\/wp\/v2\/media?parent=19317"}],"wp:term":[{"taxonomy":"category","embeddable":true,"href":"https:\/\/somdepapo.com.br\/portal\/wp-json\/wp\/v2\/categories?post=19317"},{"taxonomy":"post_tag","embeddable":true,"href":"https:\/\/somdepapo.com.br\/portal\/wp-json\/wp\/v2\/tags?post=19317"}],"curies":[{"name":"wp","href":"https:\/\/api.w.org\/{rel}","templated":true}]}}