{"id":19326,"date":"2019-06-21T17:14:25","date_gmt":"2019-06-21T20:14:25","guid":{"rendered":"https:\/\/canalfolia.com.br\/?p=19326"},"modified":"2019-06-21T17:14:25","modified_gmt":"2019-06-21T20:14:25","slug":"mastruz-e-mastruz","status":"publish","type":"post","link":"https:\/\/somdepapo.com.br\/portal\/mastruz-e-mastruz\/","title":{"rendered":"MASTRUZ \u00c9 MASTRUZ"},"content":{"rendered":"<p style=\"text-align: justify;\">Origin\u00e1ria de Fortaleza, uma das mais tradicionais bandas de forr\u00f3 do Brasil, marcada por grandes sucessos como\u00a0<em>Meu Vaqueiro, Meu pe\u00e3o; Noite Fria; Minha Verdade; Tatuagem; Seis Cordas; A Praia,\u00a0<\/em>dentre muitos outros, a Mastruz com Leite ontem fez o p\u00fablico dan\u00e7ar suas m\u00fasicas consagradas no munic\u00edpio baiano de Irec\u00ea. Seguindo estrada, a banda cearense faz show hoje em Jaguarari, interior da Bahia. Fiquem ligados Jaguarari porque afinal Mastruz \u00e9 Mastruz.<\/p>\n<p><img fetchpriority=\"high\" decoding=\"async\" class=\"alignnone size-medium wp-image-19327\" src=\"https:\/\/canalfolia.com.br\/wp-content\/uploads\/2019\/06\/Screenshot_2019-06-21-16-54-04-300x169.png\" alt=\"\" width=\"300\" height=\"169\" srcset=\"https:\/\/somdepapo.com.br\/portal\/wp-content\/uploads\/2019\/06\/Screenshot_2019-06-21-16-54-04-300x169.png 300w, https:\/\/somdepapo.com.br\/portal\/wp-content\/uploads\/2019\/06\/Screenshot_2019-06-21-16-54-04-1024x576.png 1024w, https:\/\/somdepapo.com.br\/portal\/wp-content\/uploads\/2019\/06\/Screenshot_2019-06-21-16-54-04-768x432.png 768w, https:\/\/somdepapo.com.br\/portal\/wp-content\/uploads\/2019\/06\/Screenshot_2019-06-21-16-54-04-696x392.png 696w, https:\/\/somdepapo.com.br\/portal\/wp-content\/uploads\/2019\/06\/Screenshot_2019-06-21-16-54-04-1068x601.png 1068w, https:\/\/somdepapo.com.br\/portal\/wp-content\/uploads\/2019\/06\/Screenshot_2019-06-21-16-54-04-747x420.png 747w, https:\/\/somdepapo.com.br\/portal\/wp-content\/uploads\/2019\/06\/Screenshot_2019-06-21-16-54-04.png 1280w\" sizes=\"(max-width: 300px) 100vw, 300px\" \/><\/p>\n<p>Foto do show de ontem na cidade de Irec\u00ea &#8211;\u00a0 Bahia<\/p>\n","protected":false},"excerpt":{"rendered":"<p>Origin\u00e1ria de Fortaleza, uma das mais tradicionais bandas de forr\u00f3 do Brasil, marcada por grandes sucessos como\u00a0Meu Vaqueiro, Meu pe\u00e3o; Noite Fria; Minha Verdade; Tatuagem; Seis Cordas; A Praia,\u00a0dentre muitos outros, a Mastruz com Leite ontem fez o p\u00fablico dan\u00e7ar suas m\u00fasicas consagradas no munic\u00edpio baiano de Irec\u00ea. Seguindo estrada, a banda cearense faz show [&hellip;]<\/p>\n","protected":false},"author":1,"featured_media":19328,"comment_status":"open","ping_status":"open","sticky":false,"template":"","format":"standard","meta":{"ngg_post_thumbnail":0,"footnotes":""},"categories":[2,4,41],"tags":[],"class_list":["post-19326","post","type-post","status-publish","format-standard","has-post-thumbnail","hentry","category-destaques","category-eventos","category-ultimasnoticias"],"_links":{"self":[{"href":"https:\/\/somdepapo.com.br\/portal\/wp-json\/wp\/v2\/posts\/19326","targetHints":{"allow":["GET"]}}],"collection":[{"href":"https:\/\/somdepapo.com.br\/portal\/wp-json\/wp\/v2\/posts"}],"about":[{"href":"https:\/\/somdepapo.com.br\/portal\/wp-json\/wp\/v2\/types\/post"}],"author":[{"embeddable":true,"href":"https:\/\/somdepapo.com.br\/portal\/wp-json\/wp\/v2\/users\/1"}],"replies":[{"embeddable":true,"href":"https:\/\/somdepapo.com.br\/portal\/wp-json\/wp\/v2\/comments?post=19326"}],"version-history":[{"count":0,"href":"https:\/\/somdepapo.com.br\/portal\/wp-json\/wp\/v2\/posts\/19326\/revisions"}],"wp:featuredmedia":[{"embeddable":true,"href":"https:\/\/somdepapo.com.br\/portal\/wp-json\/wp\/v2\/media\/19328"}],"wp:attachment":[{"href":"https:\/\/somdepapo.com.br\/portal\/wp-json\/wp\/v2\/media?parent=19326"}],"wp:term":[{"taxonomy":"category","embeddable":true,"href":"https:\/\/somdepapo.com.br\/portal\/wp-json\/wp\/v2\/categories?post=19326"},{"taxonomy":"post_tag","embeddable":true,"href":"https:\/\/somdepapo.com.br\/portal\/wp-json\/wp\/v2\/tags?post=19326"}],"curies":[{"name":"wp","href":"https:\/\/api.w.org\/{rel}","templated":true}]}}