{"id":19330,"date":"2019-06-21T17:42:07","date_gmt":"2019-06-21T20:42:07","guid":{"rendered":"https:\/\/canalfolia.com.br\/?p=19330"},"modified":"2019-06-21T17:42:07","modified_gmt":"2019-06-21T20:42:07","slug":"interior-baiano-vai-se-encantar-e-cantar","status":"publish","type":"post","link":"https:\/\/somdepapo.com.br\/portal\/interior-baiano-vai-se-encantar-e-cantar\/","title":{"rendered":"INTERIOR BAIANO VAI SE ENCANTAR E CANTAR"},"content":{"rendered":"<p style=\"text-align: justify;\">Seja Tremedal, Gand\u00fa, Concei\u00e7\u00e3o do Almeida e os demais munic\u00edpios que a Mela\u00e7o de Cana passar, o p\u00fablico vai cantar e se encantar com o repert\u00f3rio de t\u00f3rio preparado para os festejos juninos.<\/p>\n<p><img fetchpriority=\"high\" decoding=\"async\" class=\"alignnone size-medium wp-image-19331\" src=\"https:\/\/canalfolia.com.br\/wp-content\/uploads\/2019\/06\/IMG-20190621-WA0025-300x300.jpg\" alt=\"\" width=\"300\" height=\"300\" srcset=\"https:\/\/somdepapo.com.br\/portal\/wp-content\/uploads\/2019\/06\/IMG-20190621-WA0025-300x300.jpg 300w, https:\/\/somdepapo.com.br\/portal\/wp-content\/uploads\/2019\/06\/IMG-20190621-WA0025-150x150.jpg 150w, https:\/\/somdepapo.com.br\/portal\/wp-content\/uploads\/2019\/06\/IMG-20190621-WA0025-768x768.jpg 768w, https:\/\/somdepapo.com.br\/portal\/wp-content\/uploads\/2019\/06\/IMG-20190621-WA0025-696x696.jpg 696w, https:\/\/somdepapo.com.br\/portal\/wp-content\/uploads\/2019\/06\/IMG-20190621-WA0025-420x420.jpg 420w, https:\/\/somdepapo.com.br\/portal\/wp-content\/uploads\/2019\/06\/IMG-20190621-WA0025.jpg 900w\" sizes=\"(max-width: 300px) 100vw, 300px\" \/>l<\/p>\n<p style=\"text-align: justify;\">Os vocalistas Felipe Karlos e Nandda Fernandes est\u00e3o super contentes com a repercuss\u00e3o positiva da nova m\u00fasica de trabalho &#8220;Bl\u00e1 Bl\u00e1 Bl\u00e1&#8221;, composi\u00e7\u00e3o de J\u00fanior Nunes e Danilo Ramos.<\/p>\n<p><img decoding=\"async\" class=\"alignnone size-medium wp-image-19332\" src=\"https:\/\/canalfolia.com.br\/wp-content\/uploads\/2019\/06\/IMG-20190621-WA0027-300x300.jpg\" alt=\"\" width=\"300\" height=\"300\" srcset=\"https:\/\/somdepapo.com.br\/portal\/wp-content\/uploads\/2019\/06\/IMG-20190621-WA0027-300x300.jpg 300w, https:\/\/somdepapo.com.br\/portal\/wp-content\/uploads\/2019\/06\/IMG-20190621-WA0027-150x150.jpg 150w, https:\/\/somdepapo.com.br\/portal\/wp-content\/uploads\/2019\/06\/IMG-20190621-WA0027-768x768.jpg 768w, https:\/\/somdepapo.com.br\/portal\/wp-content\/uploads\/2019\/06\/IMG-20190621-WA0027-696x696.jpg 696w, https:\/\/somdepapo.com.br\/portal\/wp-content\/uploads\/2019\/06\/IMG-20190621-WA0027-420x420.jpg 420w, https:\/\/somdepapo.com.br\/portal\/wp-content\/uploads\/2019\/06\/IMG-20190621-WA0027.jpg 884w\" sizes=\"(max-width: 300px) 100vw, 300px\" \/><\/p>\n<p style=\"text-align: justify;\">Amanh\u00e3, dia 22, a banda faz parte da grade de atra\u00e7\u00f5es do Almeid\u00e3o, o S\u00e3o Jo\u00e3o do munic\u00edpio baiano de Concei\u00e7\u00e3o do Almeida. A Mela\u00e7o se apresenta logo ap\u00f3s o cantor Ferrugem.<\/p>\n<p>&nbsp;<\/p>\n","protected":false},"excerpt":{"rendered":"<p>Seja Tremedal, Gand\u00fa, Concei\u00e7\u00e3o do Almeida e os demais munic\u00edpios que a Mela\u00e7o de Cana passar, o p\u00fablico vai cantar e se encantar com o repert\u00f3rio de t\u00f3rio preparado para os festejos juninos. l Os vocalistas Felipe Karlos e Nandda Fernandes est\u00e3o super contentes com a repercuss\u00e3o positiva da nova m\u00fasica de trabalho &#8220;Bl\u00e1 Bl\u00e1 [&hellip;]<\/p>\n","protected":false},"author":1,"featured_media":19334,"comment_status":"open","ping_status":"open","sticky":false,"template":"","format":"standard","meta":{"ngg_post_thumbnail":0,"footnotes":""},"categories":[2,4,31],"tags":[],"class_list":["post-19330","post","type-post","status-publish","format-standard","has-post-thumbnail","hentry","category-destaques","category-eventos","category-noticias"],"_links":{"self":[{"href":"https:\/\/somdepapo.com.br\/portal\/wp-json\/wp\/v2\/posts\/19330","targetHints":{"allow":["GET"]}}],"collection":[{"href":"https:\/\/somdepapo.com.br\/portal\/wp-json\/wp\/v2\/posts"}],"about":[{"href":"https:\/\/somdepapo.com.br\/portal\/wp-json\/wp\/v2\/types\/post"}],"author":[{"embeddable":true,"href":"https:\/\/somdepapo.com.br\/portal\/wp-json\/wp\/v2\/users\/1"}],"replies":[{"embeddable":true,"href":"https:\/\/somdepapo.com.br\/portal\/wp-json\/wp\/v2\/comments?post=19330"}],"version-history":[{"count":0,"href":"https:\/\/somdepapo.com.br\/portal\/wp-json\/wp\/v2\/posts\/19330\/revisions"}],"wp:featuredmedia":[{"embeddable":true,"href":"https:\/\/somdepapo.com.br\/portal\/wp-json\/wp\/v2\/media\/19334"}],"wp:attachment":[{"href":"https:\/\/somdepapo.com.br\/portal\/wp-json\/wp\/v2\/media?parent=19330"}],"wp:term":[{"taxonomy":"category","embeddable":true,"href":"https:\/\/somdepapo.com.br\/portal\/wp-json\/wp\/v2\/categories?post=19330"},{"taxonomy":"post_tag","embeddable":true,"href":"https:\/\/somdepapo.com.br\/portal\/wp-json\/wp\/v2\/tags?post=19330"}],"curies":[{"name":"wp","href":"https:\/\/api.w.org\/{rel}","templated":true}]}}