{"id":19336,"date":"2019-06-22T12:04:01","date_gmt":"2019-06-22T15:04:01","guid":{"rendered":"https:\/\/canalfolia.com.br\/?p=19336"},"modified":"2019-06-22T12:04:01","modified_gmt":"2019-06-22T15:04:01","slug":"hoje-limao-com-mel-em-dose-dupla","status":"publish","type":"post","link":"https:\/\/somdepapo.com.br\/portal\/hoje-limao-com-mel-em-dose-dupla\/","title":{"rendered":"HOJE LIM\u00c3O COM MEL EM DOSE DUPLA"},"content":{"rendered":"<p style=\"text-align: justify;\">A Lim\u00e3o com Mel segue os festejos juninos com sua agenda cheia de shows espalhados pelo interior baiano.<\/p>\n<p style=\"text-align: justify;\">Hoje a banda comandada por Adma Andrade, Diego Rafael e Raphael Marrone tem casadinha de shows: em Capim Grosso e Serrinha.<\/p>\n<p style=\"text-align: justify;\">A banda que \u00e9 conhecida pelo seu forr\u00f3 rom\u00e2ntico\u00a0 recentemente, regravou um dos maiores sucessos de sua carreira, a m\u00fasica\u00a0<em>De Janeiro a Janeiro\u00a0<\/em>interpretada por Adma Andrade.<\/p>\n<p>&nbsp;<\/p>\n<p>&nbsp;<\/p>\n<p>&nbsp;<\/p>\n","protected":false},"excerpt":{"rendered":"<p>A Lim\u00e3o com Mel segue os festejos juninos com sua agenda cheia de shows espalhados pelo interior baiano. Hoje a banda comandada por Adma Andrade, Diego Rafael e Raphael Marrone tem casadinha de shows: em Capim Grosso e Serrinha. A banda que \u00e9 conhecida pelo seu forr\u00f3 rom\u00e2ntico\u00a0 recentemente, regravou um dos maiores sucessos de [&hellip;]<\/p>\n","protected":false},"author":1,"featured_media":19337,"comment_status":"open","ping_status":"open","sticky":false,"template":"","format":"standard","meta":{"ngg_post_thumbnail":0,"footnotes":""},"categories":[2,4,41],"tags":[],"class_list":["post-19336","post","type-post","status-publish","format-standard","has-post-thumbnail","hentry","category-destaques","category-eventos","category-ultimasnoticias"],"_links":{"self":[{"href":"https:\/\/somdepapo.com.br\/portal\/wp-json\/wp\/v2\/posts\/19336","targetHints":{"allow":["GET"]}}],"collection":[{"href":"https:\/\/somdepapo.com.br\/portal\/wp-json\/wp\/v2\/posts"}],"about":[{"href":"https:\/\/somdepapo.com.br\/portal\/wp-json\/wp\/v2\/types\/post"}],"author":[{"embeddable":true,"href":"https:\/\/somdepapo.com.br\/portal\/wp-json\/wp\/v2\/users\/1"}],"replies":[{"embeddable":true,"href":"https:\/\/somdepapo.com.br\/portal\/wp-json\/wp\/v2\/comments?post=19336"}],"version-history":[{"count":0,"href":"https:\/\/somdepapo.com.br\/portal\/wp-json\/wp\/v2\/posts\/19336\/revisions"}],"wp:featuredmedia":[{"embeddable":true,"href":"https:\/\/somdepapo.com.br\/portal\/wp-json\/wp\/v2\/media\/19337"}],"wp:attachment":[{"href":"https:\/\/somdepapo.com.br\/portal\/wp-json\/wp\/v2\/media?parent=19336"}],"wp:term":[{"taxonomy":"category","embeddable":true,"href":"https:\/\/somdepapo.com.br\/portal\/wp-json\/wp\/v2\/categories?post=19336"},{"taxonomy":"post_tag","embeddable":true,"href":"https:\/\/somdepapo.com.br\/portal\/wp-json\/wp\/v2\/tags?post=19336"}],"curies":[{"name":"wp","href":"https:\/\/api.w.org\/{rel}","templated":true}]}}