{"id":19340,"date":"2019-06-22T12:51:05","date_gmt":"2019-06-22T15:51:05","guid":{"rendered":"https:\/\/canalfolia.com.br\/?p=19340"},"modified":"2019-06-22T12:51:05","modified_gmt":"2019-06-22T15:51:05","slug":"rolou-calcinha-preta-em-senhor-do-bonfim","status":"publish","type":"post","link":"https:\/\/somdepapo.com.br\/portal\/rolou-calcinha-preta-em-senhor-do-bonfim\/","title":{"rendered":"ROLOU CALCINHA PRETA EM SENHOR DO BONFIM"},"content":{"rendered":"<p style=\"text-align: justify;\">Ontem os privilegiados da noite foram aqueles que ouviram &#8220;Vem ver, vem ver, vem ver a Calcinha Preta, vem ver&#8221; e tamb\u00e9m cantaram o dueto de Paulinha Abelha e Daniel Diau &#8220;Amor demais lembra dos momentos que te amei demais&#8221;. \u00c9 isso mesmo, a Banda Calcinha Preta liderada por Silv\u00e2nia Aquino, Daniel Diau, Paulinha Abelha e Bell Oliver agitaram o p\u00fablico que foi ao show deles na cidade de Senhor do Bonfim.<\/p>\n<p style=\"text-align: justify;\">A Calcinha antes do per\u00edodo junino lan\u00e7ou sua nova m\u00fasica\u00a0<em>Amor de Mentira<\/em> que ganhou um clipe bombado nas redes sociais<em> .<\/em><\/p>\n<p style=\"text-align: justify;\">Hoje a Calcinha segue sua turn\u00ea junina em Cacul\u00e9 e Dom Basilio, interiores baianos. Os f\u00e3s j\u00e1 disseram &#8220;onde tem Calcinha Preta eu vou, eu vou, eu vou&#8221;.<\/p>\n<p><img fetchpriority=\"high\" decoding=\"async\" class=\"alignnone size-medium wp-image-19341\" src=\"https:\/\/canalfolia.com.br\/wp-content\/uploads\/2019\/06\/Screenshot_2019-06-22-12-32-19-300x169.png\" alt=\"\" width=\"300\" height=\"169\" srcset=\"https:\/\/somdepapo.com.br\/portal\/wp-content\/uploads\/2019\/06\/Screenshot_2019-06-22-12-32-19-300x169.png 300w, https:\/\/somdepapo.com.br\/portal\/wp-content\/uploads\/2019\/06\/Screenshot_2019-06-22-12-32-19-1024x576.png 1024w, https:\/\/somdepapo.com.br\/portal\/wp-content\/uploads\/2019\/06\/Screenshot_2019-06-22-12-32-19-768x432.png 768w, https:\/\/somdepapo.com.br\/portal\/wp-content\/uploads\/2019\/06\/Screenshot_2019-06-22-12-32-19-696x392.png 696w, https:\/\/somdepapo.com.br\/portal\/wp-content\/uploads\/2019\/06\/Screenshot_2019-06-22-12-32-19-1068x601.png 1068w, https:\/\/somdepapo.com.br\/portal\/wp-content\/uploads\/2019\/06\/Screenshot_2019-06-22-12-32-19-747x420.png 747w, https:\/\/somdepapo.com.br\/portal\/wp-content\/uploads\/2019\/06\/Screenshot_2019-06-22-12-32-19.png 1280w\" sizes=\"(max-width: 300px) 100vw, 300px\" \/><\/p>\n","protected":false},"excerpt":{"rendered":"<p>Ontem os privilegiados da noite foram aqueles que ouviram &#8220;Vem ver, vem ver, vem ver a Calcinha Preta, vem ver&#8221; e tamb\u00e9m cantaram o dueto de Paulinha Abelha e Daniel Diau &#8220;Amor demais lembra dos momentos que te amei demais&#8221;. \u00c9 isso mesmo, a Banda Calcinha Preta liderada por Silv\u00e2nia Aquino, Daniel Diau, Paulinha Abelha [&hellip;]<\/p>\n","protected":false},"author":1,"featured_media":19342,"comment_status":"open","ping_status":"open","sticky":false,"template":"","format":"standard","meta":{"ngg_post_thumbnail":0,"footnotes":""},"categories":[2,4,41],"tags":[],"class_list":["post-19340","post","type-post","status-publish","format-standard","has-post-thumbnail","hentry","category-destaques","category-eventos","category-ultimasnoticias"],"_links":{"self":[{"href":"https:\/\/somdepapo.com.br\/portal\/wp-json\/wp\/v2\/posts\/19340","targetHints":{"allow":["GET"]}}],"collection":[{"href":"https:\/\/somdepapo.com.br\/portal\/wp-json\/wp\/v2\/posts"}],"about":[{"href":"https:\/\/somdepapo.com.br\/portal\/wp-json\/wp\/v2\/types\/post"}],"author":[{"embeddable":true,"href":"https:\/\/somdepapo.com.br\/portal\/wp-json\/wp\/v2\/users\/1"}],"replies":[{"embeddable":true,"href":"https:\/\/somdepapo.com.br\/portal\/wp-json\/wp\/v2\/comments?post=19340"}],"version-history":[{"count":0,"href":"https:\/\/somdepapo.com.br\/portal\/wp-json\/wp\/v2\/posts\/19340\/revisions"}],"wp:featuredmedia":[{"embeddable":true,"href":"https:\/\/somdepapo.com.br\/portal\/wp-json\/wp\/v2\/media\/19342"}],"wp:attachment":[{"href":"https:\/\/somdepapo.com.br\/portal\/wp-json\/wp\/v2\/media?parent=19340"}],"wp:term":[{"taxonomy":"category","embeddable":true,"href":"https:\/\/somdepapo.com.br\/portal\/wp-json\/wp\/v2\/categories?post=19340"},{"taxonomy":"post_tag","embeddable":true,"href":"https:\/\/somdepapo.com.br\/portal\/wp-json\/wp\/v2\/tags?post=19340"}],"curies":[{"name":"wp","href":"https:\/\/api.w.org\/{rel}","templated":true}]}}