{"id":19355,"date":"2019-06-23T09:19:50","date_gmt":"2019-06-23T12:19:50","guid":{"rendered":"https:\/\/canalfolia.com.br\/?p=19355"},"modified":"2019-06-23T09:19:50","modified_gmt":"2019-06-23T12:19:50","slug":"triplo-play-ontem-na-bahia","status":"publish","type":"post","link":"https:\/\/somdepapo.com.br\/portal\/triplo-play-ontem-na-bahia\/","title":{"rendered":"TRIPLO PLAY ONTEM NA BAHIA"},"content":{"rendered":"<p style=\"text-align: justify;\">A Banda Forr\u00f3 dos Plays come\u00e7ou o feriad\u00e3o junino agitando o p\u00fablico pernambucano na cidade de Macajuba onde se apresentou na sexta-feira.<\/p>\n<p style=\"text-align: justify;\">A Forr\u00f3 dos Plays que \u00e9 conhecida por seus sucessos\u00a0<em>Deu Piti, Olha a Patricinha, Vai se arrepender, N\u00e3o v\u00e1 embora\u00a0<\/em>dentre tantos outros,, a banda fez a galera dan\u00e7ar forr\u00f3 em tr\u00eas munic\u00edpios baianos ontem em Ibicu\u00ed, Itapetinga e Itoror\u00f3.<\/p>\n<p><img fetchpriority=\"high\" decoding=\"async\" class=\"alignnone size-medium wp-image-19359\" src=\"https:\/\/canalfolia.com.br\/wp-content\/uploads\/2019\/06\/IMG-20190622-WA0047-1-240x300.jpg\" alt=\"\" width=\"240\" height=\"300\" srcset=\"https:\/\/somdepapo.com.br\/portal\/wp-content\/uploads\/2019\/06\/IMG-20190622-WA0047-1-240x300.jpg 240w, https:\/\/somdepapo.com.br\/portal\/wp-content\/uploads\/2019\/06\/IMG-20190622-WA0047-1-819x1024.jpg 819w, https:\/\/somdepapo.com.br\/portal\/wp-content\/uploads\/2019\/06\/IMG-20190622-WA0047-1-768x960.jpg 768w, https:\/\/somdepapo.com.br\/portal\/wp-content\/uploads\/2019\/06\/IMG-20190622-WA0047-1-696x870.jpg 696w, https:\/\/somdepapo.com.br\/portal\/wp-content\/uploads\/2019\/06\/IMG-20190622-WA0047-1-336x420.jpg 336w, https:\/\/somdepapo.com.br\/portal\/wp-content\/uploads\/2019\/06\/IMG-20190622-WA0047-1.jpg 1024w\" sizes=\"(max-width: 240px) 100vw, 240px\" \/><\/p>\n<p style=\"text-align: justify;\">Hoje, v\u00e9spera do S\u00e3o Jo\u00e3o, a vez de curtir o forr\u00f3 ser\u00e1 do munic\u00edpio de Cacul\u00e9 na Bahia.<\/p>\n","protected":false},"excerpt":{"rendered":"<p>A Banda Forr\u00f3 dos Plays come\u00e7ou o feriad\u00e3o junino agitando o p\u00fablico pernambucano na cidade de Macajuba onde se apresentou na sexta-feira. A Forr\u00f3 dos Plays que \u00e9 conhecida por seus sucessos\u00a0Deu Piti, Olha a Patricinha, Vai se arrepender, N\u00e3o v\u00e1 embora\u00a0dentre tantos outros,, a banda fez a galera dan\u00e7ar forr\u00f3 em tr\u00eas munic\u00edpios baianos [&hellip;]<\/p>\n","protected":false},"author":1,"featured_media":19360,"comment_status":"open","ping_status":"open","sticky":false,"template":"","format":"standard","meta":{"ngg_post_thumbnail":0,"footnotes":""},"categories":[2,4,31],"tags":[],"class_list":["post-19355","post","type-post","status-publish","format-standard","has-post-thumbnail","hentry","category-destaques","category-eventos","category-noticias"],"_links":{"self":[{"href":"https:\/\/somdepapo.com.br\/portal\/wp-json\/wp\/v2\/posts\/19355","targetHints":{"allow":["GET"]}}],"collection":[{"href":"https:\/\/somdepapo.com.br\/portal\/wp-json\/wp\/v2\/posts"}],"about":[{"href":"https:\/\/somdepapo.com.br\/portal\/wp-json\/wp\/v2\/types\/post"}],"author":[{"embeddable":true,"href":"https:\/\/somdepapo.com.br\/portal\/wp-json\/wp\/v2\/users\/1"}],"replies":[{"embeddable":true,"href":"https:\/\/somdepapo.com.br\/portal\/wp-json\/wp\/v2\/comments?post=19355"}],"version-history":[{"count":0,"href":"https:\/\/somdepapo.com.br\/portal\/wp-json\/wp\/v2\/posts\/19355\/revisions"}],"wp:featuredmedia":[{"embeddable":true,"href":"https:\/\/somdepapo.com.br\/portal\/wp-json\/wp\/v2\/media\/19360"}],"wp:attachment":[{"href":"https:\/\/somdepapo.com.br\/portal\/wp-json\/wp\/v2\/media?parent=19355"}],"wp:term":[{"taxonomy":"category","embeddable":true,"href":"https:\/\/somdepapo.com.br\/portal\/wp-json\/wp\/v2\/categories?post=19355"},{"taxonomy":"post_tag","embeddable":true,"href":"https:\/\/somdepapo.com.br\/portal\/wp-json\/wp\/v2\/tags?post=19355"}],"curies":[{"name":"wp","href":"https:\/\/api.w.org\/{rel}","templated":true}]}}