{"id":19362,"date":"2019-06-23T10:19:12","date_gmt":"2019-06-23T13:19:12","guid":{"rendered":"https:\/\/canalfolia.com.br\/?p=19362"},"modified":"2019-06-23T10:19:12","modified_gmt":"2019-06-23T13:19:12","slug":"tradicional-festejo-junino-inicia-hoje-em-aracaju","status":"publish","type":"post","link":"https:\/\/somdepapo.com.br\/portal\/tradicional-festejo-junino-inicia-hoje-em-aracaju\/","title":{"rendered":"TRADICIONAL FESTEJO JUNINO INICIA HOJE EM ARACAJU"},"content":{"rendered":"<p style=\"text-align: justify;\">Com mais de 20 anos de tradi\u00e7\u00e3o no Nordeste, o Forr\u00f3 Caju inicia hoje sua programa\u00e7\u00e3o oficial reunindo todos os estilos juninos (p\u00e9-de-serra, forr\u00f3 universit\u00e1rio, arrasta-p\u00e9, galope, e muito mais).<\/p>\n<p><img fetchpriority=\"high\" decoding=\"async\" class=\"alignnone size-medium wp-image-19364\" src=\"https:\/\/canalfolia.com.br\/wp-content\/uploads\/2019\/06\/Screenshot_2019-06-23-09-55-02-300x169.png\" alt=\"\" width=\"300\" height=\"169\" srcset=\"https:\/\/somdepapo.com.br\/portal\/wp-content\/uploads\/2019\/06\/Screenshot_2019-06-23-09-55-02-300x169.png 300w, https:\/\/somdepapo.com.br\/portal\/wp-content\/uploads\/2019\/06\/Screenshot_2019-06-23-09-55-02-1024x576.png 1024w, https:\/\/somdepapo.com.br\/portal\/wp-content\/uploads\/2019\/06\/Screenshot_2019-06-23-09-55-02-768x432.png 768w, https:\/\/somdepapo.com.br\/portal\/wp-content\/uploads\/2019\/06\/Screenshot_2019-06-23-09-55-02-696x392.png 696w, https:\/\/somdepapo.com.br\/portal\/wp-content\/uploads\/2019\/06\/Screenshot_2019-06-23-09-55-02-1068x601.png 1068w, https:\/\/somdepapo.com.br\/portal\/wp-content\/uploads\/2019\/06\/Screenshot_2019-06-23-09-55-02-747x420.png 747w, https:\/\/somdepapo.com.br\/portal\/wp-content\/uploads\/2019\/06\/Screenshot_2019-06-23-09-55-02.png 1280w\" sizes=\"(max-width: 300px) 100vw, 300px\" \/><\/p>\n<p style=\"text-align: justify;\">No palco denominado de Luiz Gonzaga hoje na v\u00e9spera do S\u00e3o Jo\u00e3o, os aracajuanos e turistas poder\u00e3o dan\u00e7ar e cantar ao som de Danielzinho O Kaceteiro, Jo\u00e3o da Passarada, Cintura Fina e Gil Mendes.<\/p>\n<p style=\"text-align: justify;\">Amanh\u00e3 no dia de S\u00e3o Jo\u00e3o a expectativa gira em torno de Cavaleiros do Forr\u00f3 e de Samya Show que se apresentar\u00e3o no palco Luiz Gonzaga. \u00c9 tradi\u00e7\u00e3o, \u00e9 em Aracaju-Sergipe, \u00e9 Forr\u00f3 Caju.<\/p>\n","protected":false},"excerpt":{"rendered":"<p>Com mais de 20 anos de tradi\u00e7\u00e3o no Nordeste, o Forr\u00f3 Caju inicia hoje sua programa\u00e7\u00e3o oficial reunindo todos os estilos juninos (p\u00e9-de-serra, forr\u00f3 universit\u00e1rio, arrasta-p\u00e9, galope, e muito mais). No palco denominado de Luiz Gonzaga hoje na v\u00e9spera do S\u00e3o Jo\u00e3o, os aracajuanos e turistas poder\u00e3o dan\u00e7ar e cantar ao som de Danielzinho O [&hellip;]<\/p>\n","protected":false},"author":1,"featured_media":19365,"comment_status":"open","ping_status":"open","sticky":false,"template":"","format":"standard","meta":{"ngg_post_thumbnail":0,"footnotes":""},"categories":[2,4,31,41],"tags":[],"class_list":["post-19362","post","type-post","status-publish","format-standard","has-post-thumbnail","hentry","category-destaques","category-eventos","category-noticias","category-ultimasnoticias"],"_links":{"self":[{"href":"https:\/\/somdepapo.com.br\/portal\/wp-json\/wp\/v2\/posts\/19362","targetHints":{"allow":["GET"]}}],"collection":[{"href":"https:\/\/somdepapo.com.br\/portal\/wp-json\/wp\/v2\/posts"}],"about":[{"href":"https:\/\/somdepapo.com.br\/portal\/wp-json\/wp\/v2\/types\/post"}],"author":[{"embeddable":true,"href":"https:\/\/somdepapo.com.br\/portal\/wp-json\/wp\/v2\/users\/1"}],"replies":[{"embeddable":true,"href":"https:\/\/somdepapo.com.br\/portal\/wp-json\/wp\/v2\/comments?post=19362"}],"version-history":[{"count":0,"href":"https:\/\/somdepapo.com.br\/portal\/wp-json\/wp\/v2\/posts\/19362\/revisions"}],"wp:featuredmedia":[{"embeddable":true,"href":"https:\/\/somdepapo.com.br\/portal\/wp-json\/wp\/v2\/media\/19365"}],"wp:attachment":[{"href":"https:\/\/somdepapo.com.br\/portal\/wp-json\/wp\/v2\/media?parent=19362"}],"wp:term":[{"taxonomy":"category","embeddable":true,"href":"https:\/\/somdepapo.com.br\/portal\/wp-json\/wp\/v2\/categories?post=19362"},{"taxonomy":"post_tag","embeddable":true,"href":"https:\/\/somdepapo.com.br\/portal\/wp-json\/wp\/v2\/tags?post=19362"}],"curies":[{"name":"wp","href":"https:\/\/api.w.org\/{rel}","templated":true}]}}