{"id":19375,"date":"2019-06-23T14:17:58","date_gmt":"2019-06-23T17:17:58","guid":{"rendered":"https:\/\/canalfolia.com.br\/?p=19375"},"modified":"2019-06-23T14:17:58","modified_gmt":"2019-06-23T17:17:58","slug":"elba-ramalho-comemora-40-anos-de-carreira","status":"publish","type":"post","link":"https:\/\/somdepapo.com.br\/portal\/elba-ramalho-comemora-40-anos-de-carreira\/","title":{"rendered":"ELBA RAMALHO COMEMORA 40 ANOS DE CARREIRA"},"content":{"rendered":"<p style=\"text-align: justify;\">Rainha do Forr\u00f3, nossa representante do forr\u00f3 tradicional brasileiro, Elba Ramalho completa 40 anos de carreira em alto estilo.<\/p>\n<p style=\"text-align: justify;\">A cantora que ontem se apresentou na cidade de Santo Ant\u00f4nio de Jesus na Bahia fazendo uma multid\u00e3o curtir seus grandes sucessos, hoje Elba faz um show especial na cidade que \u00e9 uma grande terra m\u00e3e pra artista, Campina Grande na Para\u00edba.<\/p>\n<p><img fetchpriority=\"high\" decoding=\"async\" class=\"alignnone size-medium wp-image-19376\" src=\"https:\/\/canalfolia.com.br\/wp-content\/uploads\/2019\/06\/Screenshot_2019-06-23-14-07-45-300x169.png\" alt=\"\" width=\"300\" height=\"169\" srcset=\"https:\/\/somdepapo.com.br\/portal\/wp-content\/uploads\/2019\/06\/Screenshot_2019-06-23-14-07-45-300x169.png 300w, https:\/\/somdepapo.com.br\/portal\/wp-content\/uploads\/2019\/06\/Screenshot_2019-06-23-14-07-45-1024x576.png 1024w, https:\/\/somdepapo.com.br\/portal\/wp-content\/uploads\/2019\/06\/Screenshot_2019-06-23-14-07-45-768x432.png 768w, https:\/\/somdepapo.com.br\/portal\/wp-content\/uploads\/2019\/06\/Screenshot_2019-06-23-14-07-45-696x392.png 696w, https:\/\/somdepapo.com.br\/portal\/wp-content\/uploads\/2019\/06\/Screenshot_2019-06-23-14-07-45-1068x601.png 1068w, https:\/\/somdepapo.com.br\/portal\/wp-content\/uploads\/2019\/06\/Screenshot_2019-06-23-14-07-45-747x420.png 747w, https:\/\/somdepapo.com.br\/portal\/wp-content\/uploads\/2019\/06\/Screenshot_2019-06-23-14-07-45.png 1280w\" sizes=\"(max-width: 300px) 100vw, 300px\" \/> <img decoding=\"async\" class=\"alignnone size-medium wp-image-19377\" src=\"https:\/\/canalfolia.com.br\/wp-content\/uploads\/2019\/06\/Screenshot_2019-06-23-14-07-31-300x169.png\" alt=\"\" width=\"300\" height=\"169\" srcset=\"https:\/\/somdepapo.com.br\/portal\/wp-content\/uploads\/2019\/06\/Screenshot_2019-06-23-14-07-31-300x169.png 300w, https:\/\/somdepapo.com.br\/portal\/wp-content\/uploads\/2019\/06\/Screenshot_2019-06-23-14-07-31-1024x576.png 1024w, https:\/\/somdepapo.com.br\/portal\/wp-content\/uploads\/2019\/06\/Screenshot_2019-06-23-14-07-31-768x432.png 768w, https:\/\/somdepapo.com.br\/portal\/wp-content\/uploads\/2019\/06\/Screenshot_2019-06-23-14-07-31-696x392.png 696w, https:\/\/somdepapo.com.br\/portal\/wp-content\/uploads\/2019\/06\/Screenshot_2019-06-23-14-07-31-1068x601.png 1068w, https:\/\/somdepapo.com.br\/portal\/wp-content\/uploads\/2019\/06\/Screenshot_2019-06-23-14-07-31-747x420.png 747w, https:\/\/somdepapo.com.br\/portal\/wp-content\/uploads\/2019\/06\/Screenshot_2019-06-23-14-07-31.png 1280w\" sizes=\"(max-width: 300px) 100vw, 300px\" \/><\/p>\n<p style=\"text-align: justify;\">Elba traz um show em comemora\u00e7\u00e3o aos seus 40 anos de carreira, reunindo amigos de diferentes estilos musicais. Os convidados para dividir o palco para aplaudir este momento especial na trajet\u00f3ria da carreira de Elba Ramalho s\u00e3o: Toni Garrido, Z\u00e9lia Duncan, Rog\u00e9rio Flausino, Liv Moraes, Agnes Nunes e Sideral.<\/p>\n","protected":false},"excerpt":{"rendered":"<p>Rainha do Forr\u00f3, nossa representante do forr\u00f3 tradicional brasileiro, Elba Ramalho completa 40 anos de carreira em alto estilo. A cantora que ontem se apresentou na cidade de Santo Ant\u00f4nio de Jesus na Bahia fazendo uma multid\u00e3o curtir seus grandes sucessos, hoje Elba faz um show especial na cidade que \u00e9 uma grande terra m\u00e3e [&hellip;]<\/p>\n","protected":false},"author":1,"featured_media":19378,"comment_status":"open","ping_status":"open","sticky":false,"template":"","format":"standard","meta":{"ngg_post_thumbnail":0,"footnotes":""},"categories":[2,4,31,41],"tags":[],"class_list":["post-19375","post","type-post","status-publish","format-standard","has-post-thumbnail","hentry","category-destaques","category-eventos","category-noticias","category-ultimasnoticias"],"_links":{"self":[{"href":"https:\/\/somdepapo.com.br\/portal\/wp-json\/wp\/v2\/posts\/19375","targetHints":{"allow":["GET"]}}],"collection":[{"href":"https:\/\/somdepapo.com.br\/portal\/wp-json\/wp\/v2\/posts"}],"about":[{"href":"https:\/\/somdepapo.com.br\/portal\/wp-json\/wp\/v2\/types\/post"}],"author":[{"embeddable":true,"href":"https:\/\/somdepapo.com.br\/portal\/wp-json\/wp\/v2\/users\/1"}],"replies":[{"embeddable":true,"href":"https:\/\/somdepapo.com.br\/portal\/wp-json\/wp\/v2\/comments?post=19375"}],"version-history":[{"count":0,"href":"https:\/\/somdepapo.com.br\/portal\/wp-json\/wp\/v2\/posts\/19375\/revisions"}],"wp:featuredmedia":[{"embeddable":true,"href":"https:\/\/somdepapo.com.br\/portal\/wp-json\/wp\/v2\/media\/19378"}],"wp:attachment":[{"href":"https:\/\/somdepapo.com.br\/portal\/wp-json\/wp\/v2\/media?parent=19375"}],"wp:term":[{"taxonomy":"category","embeddable":true,"href":"https:\/\/somdepapo.com.br\/portal\/wp-json\/wp\/v2\/categories?post=19375"},{"taxonomy":"post_tag","embeddable":true,"href":"https:\/\/somdepapo.com.br\/portal\/wp-json\/wp\/v2\/tags?post=19375"}],"curies":[{"name":"wp","href":"https:\/\/api.w.org\/{rel}","templated":true}]}}