{"id":19380,"date":"2019-06-23T16:12:29","date_gmt":"2019-06-23T19:12:29","guid":{"rendered":"https:\/\/canalfolia.com.br\/?p=19380"},"modified":"2019-06-23T16:12:29","modified_gmt":"2019-06-23T19:12:29","slug":"saia-rodada-na-bahia-e-na-paraiba","status":"publish","type":"post","link":"https:\/\/somdepapo.com.br\/portal\/saia-rodada-na-bahia-e-na-paraiba\/","title":{"rendered":"SAIA RODADA NA BAHIA E NA PARAIBA"},"content":{"rendered":"<p style=\"text-align: justify;\">Uma das maiores agendas do per\u00edodo junino e estourada com o sucesso\u00a0<em>Eu acho que n\u00e3o,\u00a0<\/em>a Banda Saia Rodada, uma das bandas mais cotadas para as festas juninas fechadas como Forr\u00f3 do Lago, Sfrega, Ticomia, Forr\u00f3 Coffee.<\/p>\n<p><!--more--><img fetchpriority=\"high\" decoding=\"async\" class=\"alignnone size-medium wp-image-19381\" src=\"https:\/\/canalfolia.com.br\/wp-content\/uploads\/2019\/06\/Screenshot_2019-06-23-15-59-53-169x300.png\" alt=\"\" width=\"169\" height=\"300\" srcset=\"https:\/\/somdepapo.com.br\/portal\/wp-content\/uploads\/2019\/06\/Screenshot_2019-06-23-15-59-53-169x300.png 169w, https:\/\/somdepapo.com.br\/portal\/wp-content\/uploads\/2019\/06\/Screenshot_2019-06-23-15-59-53-576x1024.png 576w, https:\/\/somdepapo.com.br\/portal\/wp-content\/uploads\/2019\/06\/Screenshot_2019-06-23-15-59-53-696x1237.png 696w, https:\/\/somdepapo.com.br\/portal\/wp-content\/uploads\/2019\/06\/Screenshot_2019-06-23-15-59-53-236x420.png 236w, https:\/\/somdepapo.com.br\/portal\/wp-content\/uploads\/2019\/06\/Screenshot_2019-06-23-15-59-53.png 720w\" sizes=\"(max-width: 169px) 100vw, 169px\" \/><\/p>\n<p style=\"text-align: justify;\">A banda ontem se apresentou em dose dupla na cidade de Santo Ant\u00f4nio de Jesus, participando do Forr\u00f3 do Lago (festa indoor) e em seguida na pra\u00e7a da cidade. Hoje Ra\u00ed e a galera da Saia Rodada se apresentam no Forr\u00f3 do Sfrega em Senhor do Bonfim e em seguida seguem viagem para fazer dois shows na Para\u00edba, um na Villa Forr\u00f3 em Campina Grande e o outro no munic\u00edpio de Santa Luzia.<\/p>\n","protected":false},"excerpt":{"rendered":"<p>Uma das maiores agendas do per\u00edodo junino e estourada com o sucesso\u00a0Eu acho que n\u00e3o,\u00a0a Banda Saia Rodada, uma das bandas mais cotadas para as festas juninas fechadas como Forr\u00f3 do Lago, Sfrega, Ticomia, Forr\u00f3 Coffee.<\/p>\n","protected":false},"author":1,"featured_media":19384,"comment_status":"open","ping_status":"open","sticky":false,"template":"","format":"standard","meta":{"ngg_post_thumbnail":0,"footnotes":""},"categories":[2,4,31,41],"tags":[],"class_list":["post-19380","post","type-post","status-publish","format-standard","has-post-thumbnail","hentry","category-destaques","category-eventos","category-noticias","category-ultimasnoticias"],"_links":{"self":[{"href":"https:\/\/somdepapo.com.br\/portal\/wp-json\/wp\/v2\/posts\/19380","targetHints":{"allow":["GET"]}}],"collection":[{"href":"https:\/\/somdepapo.com.br\/portal\/wp-json\/wp\/v2\/posts"}],"about":[{"href":"https:\/\/somdepapo.com.br\/portal\/wp-json\/wp\/v2\/types\/post"}],"author":[{"embeddable":true,"href":"https:\/\/somdepapo.com.br\/portal\/wp-json\/wp\/v2\/users\/1"}],"replies":[{"embeddable":true,"href":"https:\/\/somdepapo.com.br\/portal\/wp-json\/wp\/v2\/comments?post=19380"}],"version-history":[{"count":0,"href":"https:\/\/somdepapo.com.br\/portal\/wp-json\/wp\/v2\/posts\/19380\/revisions"}],"wp:featuredmedia":[{"embeddable":true,"href":"https:\/\/somdepapo.com.br\/portal\/wp-json\/wp\/v2\/media\/19384"}],"wp:attachment":[{"href":"https:\/\/somdepapo.com.br\/portal\/wp-json\/wp\/v2\/media?parent=19380"}],"wp:term":[{"taxonomy":"category","embeddable":true,"href":"https:\/\/somdepapo.com.br\/portal\/wp-json\/wp\/v2\/categories?post=19380"},{"taxonomy":"post_tag","embeddable":true,"href":"https:\/\/somdepapo.com.br\/portal\/wp-json\/wp\/v2\/tags?post=19380"}],"curies":[{"name":"wp","href":"https:\/\/api.w.org\/{rel}","templated":true}]}}