{"id":19393,"date":"2019-06-24T12:20:28","date_gmt":"2019-06-24T15:20:28","guid":{"rendered":"https:\/\/canalfolia.com.br\/?p=19393"},"modified":"2019-06-24T12:20:28","modified_gmt":"2019-06-24T15:20:28","slug":"caviar-na-noite-do-sao-joao","status":"publish","type":"post","link":"https:\/\/somdepapo.com.br\/portal\/caviar-na-noite-do-sao-joao\/","title":{"rendered":"CAVIAR NA NOITE DO S\u00c3O JO\u00c3O"},"content":{"rendered":"<p style=\"text-align: justify;\">N\u00e3o \u00e9 dica de gastronomia hoje n\u00e3o, \u00e9 a Caviar com Rapadura, uma das bandas de forr\u00f3 com mais de 20 anos de carreira com hits consagrados como\u00a0<em>Somos Loucos, Balan\u00e7ando o Esqueleto, Hist\u00f3ria da Corrinha, Amore Mio, Don&#8217;t go <\/em>dentre outros que marcaram a trajet\u00f3ria de sucesso da banda.<\/p>\n<p><img fetchpriority=\"high\" decoding=\"async\" class=\"alignnone size-medium wp-image-19402\" src=\"https:\/\/canalfolia.com.br\/wp-content\/uploads\/2019\/06\/Screenshot_2019-06-23-16-42-16-169x300.png\" alt=\"\" width=\"169\" height=\"300\" srcset=\"https:\/\/somdepapo.com.br\/portal\/wp-content\/uploads\/2019\/06\/Screenshot_2019-06-23-16-42-16-169x300.png 169w, https:\/\/somdepapo.com.br\/portal\/wp-content\/uploads\/2019\/06\/Screenshot_2019-06-23-16-42-16-576x1024.png 576w, https:\/\/somdepapo.com.br\/portal\/wp-content\/uploads\/2019\/06\/Screenshot_2019-06-23-16-42-16-696x1237.png 696w, https:\/\/somdepapo.com.br\/portal\/wp-content\/uploads\/2019\/06\/Screenshot_2019-06-23-16-42-16-236x420.png 236w, https:\/\/somdepapo.com.br\/portal\/wp-content\/uploads\/2019\/06\/Screenshot_2019-06-23-16-42-16.png 720w\" sizes=\"(max-width: 169px) 100vw, 169px\" \/><\/p>\n<p style=\"text-align: justify;\">Ontem a Caviar, agitou a v\u00e9spera do S\u00e3o Jo\u00e3o nas cidades de Serrinha e Capim Grosso no interior baiano, j\u00e1 hoje, a banda se apresenta em Boquira na Bahia.<\/p>\n","protected":false},"excerpt":{"rendered":"<p>N\u00e3o \u00e9 dica de gastronomia hoje n\u00e3o, \u00e9 a Caviar com Rapadura, uma das bandas de forr\u00f3 com mais de 20 anos de carreira com hits consagrados como\u00a0Somos Loucos, Balan\u00e7ando o Esqueleto, Hist\u00f3ria da Corrinha, Amore Mio, Don&#8217;t go dentre outros que marcaram a trajet\u00f3ria de sucesso da banda. Ontem a Caviar, agitou a v\u00e9spera [&hellip;]<\/p>\n","protected":false},"author":1,"featured_media":19405,"comment_status":"open","ping_status":"open","sticky":false,"template":"","format":"standard","meta":{"ngg_post_thumbnail":0,"footnotes":""},"categories":[2,4,31],"tags":[],"class_list":["post-19393","post","type-post","status-publish","format-standard","has-post-thumbnail","hentry","category-destaques","category-eventos","category-noticias"],"_links":{"self":[{"href":"https:\/\/somdepapo.com.br\/portal\/wp-json\/wp\/v2\/posts\/19393","targetHints":{"allow":["GET"]}}],"collection":[{"href":"https:\/\/somdepapo.com.br\/portal\/wp-json\/wp\/v2\/posts"}],"about":[{"href":"https:\/\/somdepapo.com.br\/portal\/wp-json\/wp\/v2\/types\/post"}],"author":[{"embeddable":true,"href":"https:\/\/somdepapo.com.br\/portal\/wp-json\/wp\/v2\/users\/1"}],"replies":[{"embeddable":true,"href":"https:\/\/somdepapo.com.br\/portal\/wp-json\/wp\/v2\/comments?post=19393"}],"version-history":[{"count":0,"href":"https:\/\/somdepapo.com.br\/portal\/wp-json\/wp\/v2\/posts\/19393\/revisions"}],"wp:featuredmedia":[{"embeddable":true,"href":"https:\/\/somdepapo.com.br\/portal\/wp-json\/wp\/v2\/media\/19405"}],"wp:attachment":[{"href":"https:\/\/somdepapo.com.br\/portal\/wp-json\/wp\/v2\/media?parent=19393"}],"wp:term":[{"taxonomy":"category","embeddable":true,"href":"https:\/\/somdepapo.com.br\/portal\/wp-json\/wp\/v2\/categories?post=19393"},{"taxonomy":"post_tag","embeddable":true,"href":"https:\/\/somdepapo.com.br\/portal\/wp-json\/wp\/v2\/tags?post=19393"}],"curies":[{"name":"wp","href":"https:\/\/api.w.org\/{rel}","templated":true}]}}