{"id":19406,"date":"2019-06-24T15:40:45","date_gmt":"2019-06-24T18:40:45","guid":{"rendered":"https:\/\/canalfolia.com.br\/?p=19406"},"modified":"2019-06-24T15:40:45","modified_gmt":"2019-06-24T18:40:45","slug":"sergipe-na-espera-dos-cavaleiros","status":"publish","type":"post","link":"https:\/\/somdepapo.com.br\/portal\/sergipe-na-espera-dos-cavaleiros\/","title":{"rendered":"SERGIPE NA ESPERA DOS CAVALEIROS"},"content":{"rendered":"<p style=\"text-align: justify;\">Ramon, Jailson, Michel e Dayse fizeram o p\u00fablico dan\u00e7ar e cantar nas \u00faltimas noites na Bahia. A banda Cavaleiros do Forr\u00f3 que recentemente lan\u00e7ou O DVD <em>Cavaleiros Infinity\u00a0<\/em>passou neste feriado por diversas cidades baianas, dentre elas: Senhor do Bonfim, Riach\u00e3o do Jacuipe e Gandu, hoje na noite do S\u00e3o Jo\u00e3o \u00e9 a vez de Sergipe aproveitar o embalo da Cavaleiros que estar\u00e1 presente na capital sergipana no tradicional Forr\u00f3 Caju e tamb\u00e9m nesta noite junina far\u00e1 show na cidade de Itaporanga no interior sergipana.<\/p>\n","protected":false},"excerpt":{"rendered":"<p>Ramon, Jailson, Michel e Dayse fizeram o p\u00fablico dan\u00e7ar e cantar nas \u00faltimas noites na Bahia. A banda Cavaleiros do Forr\u00f3 que recentemente lan\u00e7ou O DVD Cavaleiros Infinity\u00a0passou neste feriado por diversas cidades baianas, dentre elas: Senhor do Bonfim, Riach\u00e3o do Jacuipe e Gandu, hoje na noite do S\u00e3o Jo\u00e3o \u00e9 a vez de Sergipe [&hellip;]<\/p>\n","protected":false},"author":1,"featured_media":19407,"comment_status":"open","ping_status":"open","sticky":false,"template":"","format":"standard","meta":{"ngg_post_thumbnail":0,"footnotes":""},"categories":[2,4,41],"tags":[],"class_list":["post-19406","post","type-post","status-publish","format-standard","has-post-thumbnail","hentry","category-destaques","category-eventos","category-ultimasnoticias"],"_links":{"self":[{"href":"https:\/\/somdepapo.com.br\/portal\/wp-json\/wp\/v2\/posts\/19406","targetHints":{"allow":["GET"]}}],"collection":[{"href":"https:\/\/somdepapo.com.br\/portal\/wp-json\/wp\/v2\/posts"}],"about":[{"href":"https:\/\/somdepapo.com.br\/portal\/wp-json\/wp\/v2\/types\/post"}],"author":[{"embeddable":true,"href":"https:\/\/somdepapo.com.br\/portal\/wp-json\/wp\/v2\/users\/1"}],"replies":[{"embeddable":true,"href":"https:\/\/somdepapo.com.br\/portal\/wp-json\/wp\/v2\/comments?post=19406"}],"version-history":[{"count":0,"href":"https:\/\/somdepapo.com.br\/portal\/wp-json\/wp\/v2\/posts\/19406\/revisions"}],"wp:featuredmedia":[{"embeddable":true,"href":"https:\/\/somdepapo.com.br\/portal\/wp-json\/wp\/v2\/media\/19407"}],"wp:attachment":[{"href":"https:\/\/somdepapo.com.br\/portal\/wp-json\/wp\/v2\/media?parent=19406"}],"wp:term":[{"taxonomy":"category","embeddable":true,"href":"https:\/\/somdepapo.com.br\/portal\/wp-json\/wp\/v2\/categories?post=19406"},{"taxonomy":"post_tag","embeddable":true,"href":"https:\/\/somdepapo.com.br\/portal\/wp-json\/wp\/v2\/tags?post=19406"}],"curies":[{"name":"wp","href":"https:\/\/api.w.org\/{rel}","templated":true}]}}