{"id":19409,"date":"2019-06-24T16:39:15","date_gmt":"2019-06-24T19:39:15","guid":{"rendered":"https:\/\/canalfolia.com.br\/?p=19409"},"modified":"2019-06-24T16:39:15","modified_gmt":"2019-06-24T19:39:15","slug":"xand-adrenalina-pura-no-feriado-junino","status":"publish","type":"post","link":"https:\/\/somdepapo.com.br\/portal\/xand-adrenalina-pura-no-feriado-junino\/","title":{"rendered":"XAND AVI\u00c3O FOI ADRENALINA PURA NO FERIADO JUNINO"},"content":{"rendered":"<p style=\"text-align: justify;\">Multid\u00f5es reunidas cantaram esta can\u00e7\u00e3o: &#8221; A gente n\u00e3o liga pro que o povo diz, quem ama tamb\u00e9m briga, &#8230; Aqui n\u00e3o, aqui \u00e9 casal ra\u00edz.&#8221; Sem sombra de d\u00favidas, muitos casais apaixonados e os &#8220;solteiros de plant\u00e3o&#8221; repetiram este refr\u00e3o da m\u00fasica <em>Casal Ra\u00edz<\/em> interpretada por Xand Avi\u00e3o.<\/p>\n<p><img fetchpriority=\"high\" decoding=\"async\" class=\"alignnone size-medium wp-image-19419\" src=\"https:\/\/canalfolia.com.br\/wp-content\/uploads\/2019\/06\/Screenshot_2019-06-24-16-49-42-169x300.png\" alt=\"\" width=\"169\" height=\"300\" srcset=\"https:\/\/somdepapo.com.br\/portal\/wp-content\/uploads\/2019\/06\/Screenshot_2019-06-24-16-49-42-169x300.png 169w, https:\/\/somdepapo.com.br\/portal\/wp-content\/uploads\/2019\/06\/Screenshot_2019-06-24-16-49-42-576x1024.png 576w, https:\/\/somdepapo.com.br\/portal\/wp-content\/uploads\/2019\/06\/Screenshot_2019-06-24-16-49-42-696x1237.png 696w, https:\/\/somdepapo.com.br\/portal\/wp-content\/uploads\/2019\/06\/Screenshot_2019-06-24-16-49-42-236x420.png 236w, https:\/\/somdepapo.com.br\/portal\/wp-content\/uploads\/2019\/06\/Screenshot_2019-06-24-16-49-42.png 720w\" sizes=\"(max-width: 169px) 100vw, 169px\" \/><\/p>\n<p>&nbsp;<\/p>\n<p style=\"text-align: justify;\">Ontem na cidade de Gravat\u00e1, n\u00f3s podemos presenciar uma das mais belas vistas oriundas de um selfie junina durante a apresenta\u00e7\u00e3o de Xand em seu show na cidade pernambucana.<\/p>\n<p><img decoding=\"async\" class=\"alignnone size-medium wp-image-19411\" src=\"https:\/\/canalfolia.com.br\/wp-content\/uploads\/2019\/06\/Screenshot_2019-06-24-16-24-02-169x300.png\" alt=\"\" width=\"169\" height=\"300\" \/><\/p>\n<p style=\"text-align: justify;\">Na v\u00e9spera do dia de S\u00e3o Jo\u00e3o Xand Avi\u00e3o fez dobradinha de apresenta\u00e7\u00f5es entre dois estados nordestinos: em Campina Grande na Para\u00edba e em Gravat\u00e1 em Pernambuco, lembrando que ele come\u00e7ou o feriad\u00e3o animando cidades do interior baiano como Amargosa, Santo Ant\u00f4nio de Jesus e Senhor do Bonfim. \u00c9 Xand Avi\u00e3o na maratona de shows do S\u00e3o Jo\u00e3o arrastando multid\u00f5es por onde passa.<\/p>\n","protected":false},"excerpt":{"rendered":"<p>Multid\u00f5es reunidas cantaram esta can\u00e7\u00e3o: &#8221; A gente n\u00e3o liga pro que o povo diz, quem ama tamb\u00e9m briga, &#8230; Aqui n\u00e3o, aqui \u00e9 casal ra\u00edz.&#8221; Sem sombra de d\u00favidas, muitos casais apaixonados e os &#8220;solteiros de plant\u00e3o&#8221; repetiram este refr\u00e3o da m\u00fasica Casal Ra\u00edz interpretada por Xand Avi\u00e3o. &nbsp; Ontem na cidade de Gravat\u00e1, [&hellip;]<\/p>\n","protected":false},"author":1,"featured_media":19420,"comment_status":"open","ping_status":"open","sticky":false,"template":"","format":"standard","meta":{"ngg_post_thumbnail":0,"footnotes":""},"categories":[2,4,31,41],"tags":[],"class_list":["post-19409","post","type-post","status-publish","format-standard","has-post-thumbnail","hentry","category-destaques","category-eventos","category-noticias","category-ultimasnoticias"],"_links":{"self":[{"href":"https:\/\/somdepapo.com.br\/portal\/wp-json\/wp\/v2\/posts\/19409","targetHints":{"allow":["GET"]}}],"collection":[{"href":"https:\/\/somdepapo.com.br\/portal\/wp-json\/wp\/v2\/posts"}],"about":[{"href":"https:\/\/somdepapo.com.br\/portal\/wp-json\/wp\/v2\/types\/post"}],"author":[{"embeddable":true,"href":"https:\/\/somdepapo.com.br\/portal\/wp-json\/wp\/v2\/users\/1"}],"replies":[{"embeddable":true,"href":"https:\/\/somdepapo.com.br\/portal\/wp-json\/wp\/v2\/comments?post=19409"}],"version-history":[{"count":0,"href":"https:\/\/somdepapo.com.br\/portal\/wp-json\/wp\/v2\/posts\/19409\/revisions"}],"wp:featuredmedia":[{"embeddable":true,"href":"https:\/\/somdepapo.com.br\/portal\/wp-json\/wp\/v2\/media\/19420"}],"wp:attachment":[{"href":"https:\/\/somdepapo.com.br\/portal\/wp-json\/wp\/v2\/media?parent=19409"}],"wp:term":[{"taxonomy":"category","embeddable":true,"href":"https:\/\/somdepapo.com.br\/portal\/wp-json\/wp\/v2\/categories?post=19409"},{"taxonomy":"post_tag","embeddable":true,"href":"https:\/\/somdepapo.com.br\/portal\/wp-json\/wp\/v2\/tags?post=19409"}],"curies":[{"name":"wp","href":"https:\/\/api.w.org\/{rel}","templated":true}]}}