{"id":19422,"date":"2019-06-25T14:50:31","date_gmt":"2019-06-25T17:50:31","guid":{"rendered":"https:\/\/canalfolia.com.br\/?p=19422"},"modified":"2019-06-25T14:50:31","modified_gmt":"2019-06-25T17:50:31","slug":"hoje-marcia-felipe-safadao-e-walkyria-santos-na-paraiba","status":"publish","type":"post","link":"https:\/\/somdepapo.com.br\/portal\/hoje-marcia-felipe-safadao-e-walkyria-santos-na-paraiba\/","title":{"rendered":"HOJE MARCIA FELIPE, SAFAD\u00c3O E WALKYRIA SANTOS NA PARAIBA"},"content":{"rendered":"<p style=\"text-align: justify;\">S\u00e3o Jo\u00e3o acabou??? Onde??? Pra quem??? Porque??? Para Wesley Safad\u00e3o, Walkyria Santos e M\u00e1rcia Felipe n\u00e3o.<\/p>\n<p style=\"text-align: justify;\">Hoje os tr\u00eas artistas s\u00e3o atra\u00e7\u00f5es de Monteiro na Para\u00edba que continua com a comemora\u00e7\u00e3o dos seus festejos juninos.<\/p>\n<p style=\"text-align: justify;\">Os shows come\u00e7am a partir das 21h com a apresenta\u00e7\u00e3o do cantor e sanfoneiro Fabiano Guimar\u00e3es e quem encerra a noite com chave de ouro \u00e9 M\u00e1rcia Felipe.<\/p>\n","protected":false},"excerpt":{"rendered":"<p>S\u00e3o Jo\u00e3o acabou??? Onde??? Pra quem??? Porque??? Para Wesley Safad\u00e3o, Walkyria Santos e M\u00e1rcia Felipe n\u00e3o. Hoje os tr\u00eas artistas s\u00e3o atra\u00e7\u00f5es de Monteiro na Para\u00edba que continua com a comemora\u00e7\u00e3o dos seus festejos juninos. Os shows come\u00e7am a partir das 21h com a apresenta\u00e7\u00e3o do cantor e sanfoneiro Fabiano Guimar\u00e3es e quem encerra a [&hellip;]<\/p>\n","protected":false},"author":1,"featured_media":19423,"comment_status":"open","ping_status":"open","sticky":false,"template":"","format":"standard","meta":{"ngg_post_thumbnail":0,"footnotes":""},"categories":[2,4,31,41],"tags":[],"class_list":["post-19422","post","type-post","status-publish","format-standard","has-post-thumbnail","hentry","category-destaques","category-eventos","category-noticias","category-ultimasnoticias"],"_links":{"self":[{"href":"https:\/\/somdepapo.com.br\/portal\/wp-json\/wp\/v2\/posts\/19422","targetHints":{"allow":["GET"]}}],"collection":[{"href":"https:\/\/somdepapo.com.br\/portal\/wp-json\/wp\/v2\/posts"}],"about":[{"href":"https:\/\/somdepapo.com.br\/portal\/wp-json\/wp\/v2\/types\/post"}],"author":[{"embeddable":true,"href":"https:\/\/somdepapo.com.br\/portal\/wp-json\/wp\/v2\/users\/1"}],"replies":[{"embeddable":true,"href":"https:\/\/somdepapo.com.br\/portal\/wp-json\/wp\/v2\/comments?post=19422"}],"version-history":[{"count":0,"href":"https:\/\/somdepapo.com.br\/portal\/wp-json\/wp\/v2\/posts\/19422\/revisions"}],"wp:featuredmedia":[{"embeddable":true,"href":"https:\/\/somdepapo.com.br\/portal\/wp-json\/wp\/v2\/media\/19423"}],"wp:attachment":[{"href":"https:\/\/somdepapo.com.br\/portal\/wp-json\/wp\/v2\/media?parent=19422"}],"wp:term":[{"taxonomy":"category","embeddable":true,"href":"https:\/\/somdepapo.com.br\/portal\/wp-json\/wp\/v2\/categories?post=19422"},{"taxonomy":"post_tag","embeddable":true,"href":"https:\/\/somdepapo.com.br\/portal\/wp-json\/wp\/v2\/tags?post=19422"}],"curies":[{"name":"wp","href":"https:\/\/api.w.org\/{rel}","templated":true}]}}