{"id":19438,"date":"2019-06-26T14:21:14","date_gmt":"2019-06-26T17:21:14","guid":{"rendered":"https:\/\/canalfolia.com.br\/?p=19438"},"modified":"2019-06-26T14:21:14","modified_gmt":"2019-06-26T17:21:14","slug":"eunapolis-tem-pedrao-chegando-no-fim-de-semana","status":"publish","type":"post","link":"https:\/\/somdepapo.com.br\/portal\/eunapolis-tem-pedrao-chegando-no-fim-de-semana\/","title":{"rendered":"EUNAPOLIS TEM PEDR\u00c3O CHEGANDO NO FIM DE SEMANA"},"content":{"rendered":"<p style=\"text-align: justify;\">Pensou em S\u00e3o Pedro na Bahia, a lembran\u00e7a imediata \u00e9 do Pedr\u00e3o. Quem \u00e9 ele? \u00c9 o tradicional evento em comemora\u00e7\u00e3o a S\u00e3o Pedro realizado na cidade de Eunap\u00f3lis , interior baiano.<\/p>\n<p><img fetchpriority=\"high\" decoding=\"async\" class=\"alignnone size-medium wp-image-19439\" src=\"https:\/\/canalfolia.com.br\/wp-content\/uploads\/2019\/06\/Screenshot_2019-06-26-14-12-34-300x169.png\" alt=\"\" width=\"300\" height=\"169\" srcset=\"https:\/\/somdepapo.com.br\/portal\/wp-content\/uploads\/2019\/06\/Screenshot_2019-06-26-14-12-34-300x169.png 300w, https:\/\/somdepapo.com.br\/portal\/wp-content\/uploads\/2019\/06\/Screenshot_2019-06-26-14-12-34-1024x576.png 1024w, https:\/\/somdepapo.com.br\/portal\/wp-content\/uploads\/2019\/06\/Screenshot_2019-06-26-14-12-34-768x432.png 768w, https:\/\/somdepapo.com.br\/portal\/wp-content\/uploads\/2019\/06\/Screenshot_2019-06-26-14-12-34-696x392.png 696w, https:\/\/somdepapo.com.br\/portal\/wp-content\/uploads\/2019\/06\/Screenshot_2019-06-26-14-12-34-1068x601.png 1068w, https:\/\/somdepapo.com.br\/portal\/wp-content\/uploads\/2019\/06\/Screenshot_2019-06-26-14-12-34-747x420.png 747w, https:\/\/somdepapo.com.br\/portal\/wp-content\/uploads\/2019\/06\/Screenshot_2019-06-26-14-12-34.png 1280w\" sizes=\"(max-width: 300px) 100vw, 300px\" \/><\/p>\n<p style=\"text-align: justify;\">Neste ano o Pedr\u00e3o vai reunir grandes nomes da nossa m\u00fasica brasileira, dentre eles: Maiara e Maraisa, Gustavo Lima, Z\u00e9 Neto e Cristiano, Tayrone, Bell Marques e Solange Almeida. O evento acontece de 29 de junho a 1 de julho.<\/p>\n","protected":false},"excerpt":{"rendered":"<p>Pensou em S\u00e3o Pedro na Bahia, a lembran\u00e7a imediata \u00e9 do Pedr\u00e3o. Quem \u00e9 ele? \u00c9 o tradicional evento em comemora\u00e7\u00e3o a S\u00e3o Pedro realizado na cidade de Eunap\u00f3lis , interior baiano. Neste ano o Pedr\u00e3o vai reunir grandes nomes da nossa m\u00fasica brasileira, dentre eles: Maiara e Maraisa, Gustavo Lima, Z\u00e9 Neto e Cristiano, [&hellip;]<\/p>\n","protected":false},"author":1,"featured_media":19440,"comment_status":"open","ping_status":"open","sticky":false,"template":"","format":"standard","meta":{"ngg_post_thumbnail":0,"footnotes":""},"categories":[2,4,41],"tags":[],"class_list":["post-19438","post","type-post","status-publish","format-standard","has-post-thumbnail","hentry","category-destaques","category-eventos","category-ultimasnoticias"],"_links":{"self":[{"href":"https:\/\/somdepapo.com.br\/portal\/wp-json\/wp\/v2\/posts\/19438","targetHints":{"allow":["GET"]}}],"collection":[{"href":"https:\/\/somdepapo.com.br\/portal\/wp-json\/wp\/v2\/posts"}],"about":[{"href":"https:\/\/somdepapo.com.br\/portal\/wp-json\/wp\/v2\/types\/post"}],"author":[{"embeddable":true,"href":"https:\/\/somdepapo.com.br\/portal\/wp-json\/wp\/v2\/users\/1"}],"replies":[{"embeddable":true,"href":"https:\/\/somdepapo.com.br\/portal\/wp-json\/wp\/v2\/comments?post=19438"}],"version-history":[{"count":0,"href":"https:\/\/somdepapo.com.br\/portal\/wp-json\/wp\/v2\/posts\/19438\/revisions"}],"wp:featuredmedia":[{"embeddable":true,"href":"https:\/\/somdepapo.com.br\/portal\/wp-json\/wp\/v2\/media\/19440"}],"wp:attachment":[{"href":"https:\/\/somdepapo.com.br\/portal\/wp-json\/wp\/v2\/media?parent=19438"}],"wp:term":[{"taxonomy":"category","embeddable":true,"href":"https:\/\/somdepapo.com.br\/portal\/wp-json\/wp\/v2\/categories?post=19438"},{"taxonomy":"post_tag","embeddable":true,"href":"https:\/\/somdepapo.com.br\/portal\/wp-json\/wp\/v2\/tags?post=19438"}],"curies":[{"name":"wp","href":"https:\/\/api.w.org\/{rel}","templated":true}]}}