{"id":19446,"date":"2019-06-27T10:18:30","date_gmt":"2019-06-27T13:18:30","guid":{"rendered":"https:\/\/canalfolia.com.br\/?p=19446"},"modified":"2019-06-27T10:18:30","modified_gmt":"2019-06-27T13:18:30","slug":"serrinha-recebeu-brown-e-timbalada","status":"publish","type":"post","link":"https:\/\/somdepapo.com.br\/portal\/serrinha-recebeu-brown-e-timbalada\/","title":{"rendered":"SERRINHA RECEBEU BROWN E TIMBALADA"},"content":{"rendered":"<p style=\"text-align: justify;\"><span style=\"text-align: justify;\">Um S\u00e3o Jo\u00e3o bastante animado e agitado na cidade de Serrinha (BA). No \u00faltimo domingo (23) foi realizado na Espet\u00e1culo Lounge Club no Shopping Serrinha a festa \u201cReguetho Junino na Serra\u201d sob o comando da banda Timbalada e do cacique Carlinhos Brown.<\/span><\/p>\n<p><img fetchpriority=\"high\" decoding=\"async\" class=\"alignnone size-medium wp-image-19447\" src=\"https:\/\/canalfolia.com.br\/wp-content\/uploads\/2019\/06\/Reguetho-Junino-na-Serra.3-300x169.jpg\" alt=\"\" width=\"300\" height=\"169\" srcset=\"https:\/\/somdepapo.com.br\/portal\/wp-content\/uploads\/2019\/06\/Reguetho-Junino-na-Serra.3-300x169.jpg 300w, https:\/\/somdepapo.com.br\/portal\/wp-content\/uploads\/2019\/06\/Reguetho-Junino-na-Serra.3-1024x576.jpg 1024w, https:\/\/somdepapo.com.br\/portal\/wp-content\/uploads\/2019\/06\/Reguetho-Junino-na-Serra.3-768x432.jpg 768w, https:\/\/somdepapo.com.br\/portal\/wp-content\/uploads\/2019\/06\/Reguetho-Junino-na-Serra.3-696x392.jpg 696w, https:\/\/somdepapo.com.br\/portal\/wp-content\/uploads\/2019\/06\/Reguetho-Junino-na-Serra.3-1068x601.jpg 1068w, https:\/\/somdepapo.com.br\/portal\/wp-content\/uploads\/2019\/06\/Reguetho-Junino-na-Serra.3-747x420.jpg 747w, https:\/\/somdepapo.com.br\/portal\/wp-content\/uploads\/2019\/06\/Reguetho-Junino-na-Serra.3.jpg 1280w\" sizes=\"(max-width: 300px) 100vw, 300px\" \/><\/p>\n<p style=\"text-align: justify;\">No repert\u00f3rio, al\u00e9m das can\u00e7\u00f5es do set list, m\u00fasicas do forr\u00f3 como \u2018Tu t\u00e1 comendo vidro\u2019, \u2018Tem tanta fogueira\u2019, \u201910 litros de licor\u2019, \u2018Fogar\u00e9u\u2019 e \u2018At\u00e9 ficar nen\u00e9m\u2019, que foram interpretadas por Brown. Fizeram parte tamb\u00e9m do evento os cantores Michel Bandana, Felipe Pato e Dan Di Oliveira.<\/p>\n<p>Fonte Fotos: Divulga\u00e7\u00e3o<\/p>\n","protected":false},"excerpt":{"rendered":"<p>Um S\u00e3o Jo\u00e3o bastante animado e agitado na cidade de Serrinha (BA). No \u00faltimo domingo (23) foi realizado na Espet\u00e1culo Lounge Club no Shopping Serrinha a festa \u201cReguetho Junino na Serra\u201d sob o comando da banda Timbalada e do cacique Carlinhos Brown. No repert\u00f3rio, al\u00e9m das can\u00e7\u00f5es do set list, m\u00fasicas do forr\u00f3 como \u2018Tu [&hellip;]<\/p>\n","protected":false},"author":1,"featured_media":19449,"comment_status":"open","ping_status":"open","sticky":false,"template":"","format":"standard","meta":{"ngg_post_thumbnail":0,"footnotes":""},"categories":[2,4,41],"tags":[],"class_list":["post-19446","post","type-post","status-publish","format-standard","has-post-thumbnail","hentry","category-destaques","category-eventos","category-ultimasnoticias"],"_links":{"self":[{"href":"https:\/\/somdepapo.com.br\/portal\/wp-json\/wp\/v2\/posts\/19446","targetHints":{"allow":["GET"]}}],"collection":[{"href":"https:\/\/somdepapo.com.br\/portal\/wp-json\/wp\/v2\/posts"}],"about":[{"href":"https:\/\/somdepapo.com.br\/portal\/wp-json\/wp\/v2\/types\/post"}],"author":[{"embeddable":true,"href":"https:\/\/somdepapo.com.br\/portal\/wp-json\/wp\/v2\/users\/1"}],"replies":[{"embeddable":true,"href":"https:\/\/somdepapo.com.br\/portal\/wp-json\/wp\/v2\/comments?post=19446"}],"version-history":[{"count":0,"href":"https:\/\/somdepapo.com.br\/portal\/wp-json\/wp\/v2\/posts\/19446\/revisions"}],"wp:featuredmedia":[{"embeddable":true,"href":"https:\/\/somdepapo.com.br\/portal\/wp-json\/wp\/v2\/media\/19449"}],"wp:attachment":[{"href":"https:\/\/somdepapo.com.br\/portal\/wp-json\/wp\/v2\/media?parent=19446"}],"wp:term":[{"taxonomy":"category","embeddable":true,"href":"https:\/\/somdepapo.com.br\/portal\/wp-json\/wp\/v2\/categories?post=19446"},{"taxonomy":"post_tag","embeddable":true,"href":"https:\/\/somdepapo.com.br\/portal\/wp-json\/wp\/v2\/tags?post=19446"}],"curies":[{"name":"wp","href":"https:\/\/api.w.org\/{rel}","templated":true}]}}