{"id":19452,"date":"2019-06-27T12:36:37","date_gmt":"2019-06-27T15:36:37","guid":{"rendered":"https:\/\/canalfolia.com.br\/?p=19452"},"modified":"2019-06-27T12:36:37","modified_gmt":"2019-06-27T15:36:37","slug":"conhecendo-novos-rumos","status":"publish","type":"post","link":"https:\/\/somdepapo.com.br\/portal\/conhecendo-novos-rumos\/","title":{"rendered":"CONHECENDO NOVOS RUMOS"},"content":{"rendered":"<p style=\"text-align: right;\">Por Marcus Peralva<\/p>\n<p style=\"text-align: justify;\">Sejam todos muito bem-vindos a mais uma postagem da nossa coluna de literatura.<br \/>\nHoje quero indicar a voc\u00eas uma feira de venda de livros liter\u00e1rios das mais variadas \u00e1reas da literatura,que est\u00e1 ocorrendo este m\u00eas aqui em Salvador, o qual contempla obras para todos os gostos, indo desde o p\u00fablico infanto-juvenil, passando pelo p\u00fablico teen, at\u00e9 chegar aos adultos, totalizando mais 60 obras diferentes!!!<br \/>\nTrata-se do stand de vendas da Best Books que esta em exposi\u00e7\u00e3o no Shopping Salvador Norte com uma super novidade&#8230; todas as obras que est\u00e3o a venda podem ser compradas por um pre\u00e7o fixo de incr\u00edveis R$10,00!!! Sensacional, n\u00e3o \u00e9 mesmo?<br \/>\nCompare\u00e7am a feira e digam para n\u00f3s qual livro te chamou mais a aten\u00e7\u00e3o, al\u00e9m de deixar aqui suas sugest\u00f5es e cr\u00edticas a nossa coluna.<br \/>\nAbra\u00e7o a todos e at\u00e9 a pr\u00f3xima semana!<\/p>\n<p>FONTE DA IMAGEM:<br \/>\nMarcus Vinicius Peralva Santos<\/p>\n","protected":false},"excerpt":{"rendered":"<p>Por Marcus Peralva Sejam todos muito bem-vindos a mais uma postagem da nossa coluna de literatura. Hoje quero indicar a voc\u00eas uma feira de venda de livros liter\u00e1rios das mais variadas \u00e1reas da literatura,que est\u00e1 ocorrendo este m\u00eas aqui em Salvador, o qual contempla obras para todos os gostos, indo desde o p\u00fablico infanto-juvenil, passando [&hellip;]<\/p>\n","protected":false},"author":1,"featured_media":19453,"comment_status":"open","ping_status":"open","sticky":false,"template":"","format":"standard","meta":{"ngg_post_thumbnail":0,"footnotes":""},"categories":[2,4,23,41],"tags":[],"class_list":["post-19452","post","type-post","status-publish","format-standard","has-post-thumbnail","hentry","category-destaques","category-eventos","category-literatura","category-ultimasnoticias"],"_links":{"self":[{"href":"https:\/\/somdepapo.com.br\/portal\/wp-json\/wp\/v2\/posts\/19452","targetHints":{"allow":["GET"]}}],"collection":[{"href":"https:\/\/somdepapo.com.br\/portal\/wp-json\/wp\/v2\/posts"}],"about":[{"href":"https:\/\/somdepapo.com.br\/portal\/wp-json\/wp\/v2\/types\/post"}],"author":[{"embeddable":true,"href":"https:\/\/somdepapo.com.br\/portal\/wp-json\/wp\/v2\/users\/1"}],"replies":[{"embeddable":true,"href":"https:\/\/somdepapo.com.br\/portal\/wp-json\/wp\/v2\/comments?post=19452"}],"version-history":[{"count":0,"href":"https:\/\/somdepapo.com.br\/portal\/wp-json\/wp\/v2\/posts\/19452\/revisions"}],"wp:featuredmedia":[{"embeddable":true,"href":"https:\/\/somdepapo.com.br\/portal\/wp-json\/wp\/v2\/media\/19453"}],"wp:attachment":[{"href":"https:\/\/somdepapo.com.br\/portal\/wp-json\/wp\/v2\/media?parent=19452"}],"wp:term":[{"taxonomy":"category","embeddable":true,"href":"https:\/\/somdepapo.com.br\/portal\/wp-json\/wp\/v2\/categories?post=19452"},{"taxonomy":"post_tag","embeddable":true,"href":"https:\/\/somdepapo.com.br\/portal\/wp-json\/wp\/v2\/tags?post=19452"}],"curies":[{"name":"wp","href":"https:\/\/api.w.org\/{rel}","templated":true}]}}