{"id":19487,"date":"2019-06-28T17:40:19","date_gmt":"2019-06-28T20:40:19","guid":{"rendered":"https:\/\/canalfolia.com.br\/?p=19487"},"modified":"2019-06-28T17:40:19","modified_gmt":"2019-06-28T20:40:19","slug":"magnificos-entre-bahia-e-pernambuco-neste-fim-de-semana","status":"publish","type":"post","link":"https:\/\/somdepapo.com.br\/portal\/magnificos-entre-bahia-e-pernambuco-neste-fim-de-semana\/","title":{"rendered":"MAGNIFICOS ENTRE BAHIA E PERNAMBUCO NESTE FIM DE SEMANA"},"content":{"rendered":"<p style=\"text-align: justify;\">Depois de ter se apresentado anteontem na cidade de Santo Ant\u00f4nio dos Lopes no Maranh\u00e3o, a Banda Magn\u00edficos ontem deu uma\u00a0 &#8220;descansada&#8221; e hoje volta a sua maratona de shows do per\u00edodo de S\u00e3o Pedro.<\/p>\n<p><img fetchpriority=\"high\" decoding=\"async\" class=\"alignnone size-medium wp-image-19488\" src=\"https:\/\/canalfolia.com.br\/wp-content\/uploads\/2019\/06\/Screenshot_2019-06-28-17-29-13-169x300.png\" alt=\"\" width=\"169\" height=\"300\" srcset=\"https:\/\/somdepapo.com.br\/portal\/wp-content\/uploads\/2019\/06\/Screenshot_2019-06-28-17-29-13-169x300.png 169w, https:\/\/somdepapo.com.br\/portal\/wp-content\/uploads\/2019\/06\/Screenshot_2019-06-28-17-29-13-576x1024.png 576w, https:\/\/somdepapo.com.br\/portal\/wp-content\/uploads\/2019\/06\/Screenshot_2019-06-28-17-29-13-696x1237.png 696w, https:\/\/somdepapo.com.br\/portal\/wp-content\/uploads\/2019\/06\/Screenshot_2019-06-28-17-29-13-236x420.png 236w, https:\/\/somdepapo.com.br\/portal\/wp-content\/uploads\/2019\/06\/Screenshot_2019-06-28-17-29-13.png 720w\" sizes=\"(max-width: 169px) 100vw, 169px\" \/><\/p>\n<p style=\"text-align: justify;\"><em>A Preferida do Brasil\u00a0<\/em>como \u00e9 conhecida pelo p\u00fablico, a Magnificos hoje se apresenta na Bahia na cidade de Ca\u00e9m, amanh\u00e3 segue estrada para Pernambuco onde se apresenta na cidade de Orob\u00f3. No domingo a banda retorna pra Bahia aonde se apresenta na cidade de Dias D&#8217;Avila divindo a noite com outra estrela do forr\u00f3, a Calcinha Preta.<\/p>\n<p>&nbsp;<\/p>\n","protected":false},"excerpt":{"rendered":"<p>Depois de ter se apresentado anteontem na cidade de Santo Ant\u00f4nio dos Lopes no Maranh\u00e3o, a Banda Magn\u00edficos ontem deu uma\u00a0 &#8220;descansada&#8221; e hoje volta a sua maratona de shows do per\u00edodo de S\u00e3o Pedro. A Preferida do Brasil\u00a0como \u00e9 conhecida pelo p\u00fablico, a Magnificos hoje se apresenta na Bahia na cidade de Ca\u00e9m, amanh\u00e3 [&hellip;]<\/p>\n","protected":false},"author":1,"featured_media":19489,"comment_status":"open","ping_status":"open","sticky":false,"template":"","format":"standard","meta":{"ngg_post_thumbnail":0,"footnotes":""},"categories":[2,4,31,41],"tags":[],"class_list":["post-19487","post","type-post","status-publish","format-standard","has-post-thumbnail","hentry","category-destaques","category-eventos","category-noticias","category-ultimasnoticias"],"_links":{"self":[{"href":"https:\/\/somdepapo.com.br\/portal\/wp-json\/wp\/v2\/posts\/19487","targetHints":{"allow":["GET"]}}],"collection":[{"href":"https:\/\/somdepapo.com.br\/portal\/wp-json\/wp\/v2\/posts"}],"about":[{"href":"https:\/\/somdepapo.com.br\/portal\/wp-json\/wp\/v2\/types\/post"}],"author":[{"embeddable":true,"href":"https:\/\/somdepapo.com.br\/portal\/wp-json\/wp\/v2\/users\/1"}],"replies":[{"embeddable":true,"href":"https:\/\/somdepapo.com.br\/portal\/wp-json\/wp\/v2\/comments?post=19487"}],"version-history":[{"count":0,"href":"https:\/\/somdepapo.com.br\/portal\/wp-json\/wp\/v2\/posts\/19487\/revisions"}],"wp:featuredmedia":[{"embeddable":true,"href":"https:\/\/somdepapo.com.br\/portal\/wp-json\/wp\/v2\/media\/19489"}],"wp:attachment":[{"href":"https:\/\/somdepapo.com.br\/portal\/wp-json\/wp\/v2\/media?parent=19487"}],"wp:term":[{"taxonomy":"category","embeddable":true,"href":"https:\/\/somdepapo.com.br\/portal\/wp-json\/wp\/v2\/categories?post=19487"},{"taxonomy":"post_tag","embeddable":true,"href":"https:\/\/somdepapo.com.br\/portal\/wp-json\/wp\/v2\/tags?post=19487"}],"curies":[{"name":"wp","href":"https:\/\/api.w.org\/{rel}","templated":true}]}}