{"id":19505,"date":"2019-06-29T12:59:08","date_gmt":"2019-06-29T15:59:08","guid":{"rendered":"https:\/\/canalfolia.com.br\/?p=19505"},"modified":"2019-06-29T12:59:08","modified_gmt":"2019-06-29T15:59:08","slug":"mastruz-no-sao-pedro-da-bahia-e-sergipe","status":"publish","type":"post","link":"https:\/\/somdepapo.com.br\/portal\/mastruz-no-sao-pedro-da-bahia-e-sergipe\/","title":{"rendered":"MASTRUZ NO S\u00c3O PEDRO DA BAHIA E SERGIPE"},"content":{"rendered":"<p style=\"text-align: justify;\">Uma das bandas do nosso forr\u00f3 das antigas, Mastruz com Leite ontem se apresentou na cidade de Jacar\u00e9 dos Homens fazendo o p\u00fablico do interior de Alagoas curtir os antigos e novos sucessos do grupo.<\/p>\n<p style=\"text-align: justify;\">Hoje, dia de S\u00e3o Pedro, a Mastruz se apresenta nos Estados de Sergipe (no munic\u00edpio de Frei Paulo) e na Bahia (na cidade de Parapiranga). \u00c9 o t\u00e9rmino dos festejos juninos com muito forr\u00f3 com Mastruz com Leite pelo Nordeste.<\/p>\n","protected":false},"excerpt":{"rendered":"<p>Uma das bandas do nosso forr\u00f3 das antigas, Mastruz com Leite ontem se apresentou na cidade de Jacar\u00e9 dos Homens fazendo o p\u00fablico do interior de Alagoas curtir os antigos e novos sucessos do grupo. Hoje, dia de S\u00e3o Pedro, a Mastruz se apresenta nos Estados de Sergipe (no munic\u00edpio de Frei Paulo) e na [&hellip;]<\/p>\n","protected":false},"author":1,"featured_media":19506,"comment_status":"open","ping_status":"open","sticky":false,"template":"","format":"standard","meta":{"ngg_post_thumbnail":0,"footnotes":""},"categories":[2,4,31,41],"tags":[],"class_list":["post-19505","post","type-post","status-publish","format-standard","has-post-thumbnail","hentry","category-destaques","category-eventos","category-noticias","category-ultimasnoticias"],"_links":{"self":[{"href":"https:\/\/somdepapo.com.br\/portal\/wp-json\/wp\/v2\/posts\/19505","targetHints":{"allow":["GET"]}}],"collection":[{"href":"https:\/\/somdepapo.com.br\/portal\/wp-json\/wp\/v2\/posts"}],"about":[{"href":"https:\/\/somdepapo.com.br\/portal\/wp-json\/wp\/v2\/types\/post"}],"author":[{"embeddable":true,"href":"https:\/\/somdepapo.com.br\/portal\/wp-json\/wp\/v2\/users\/1"}],"replies":[{"embeddable":true,"href":"https:\/\/somdepapo.com.br\/portal\/wp-json\/wp\/v2\/comments?post=19505"}],"version-history":[{"count":0,"href":"https:\/\/somdepapo.com.br\/portal\/wp-json\/wp\/v2\/posts\/19505\/revisions"}],"wp:featuredmedia":[{"embeddable":true,"href":"https:\/\/somdepapo.com.br\/portal\/wp-json\/wp\/v2\/media\/19506"}],"wp:attachment":[{"href":"https:\/\/somdepapo.com.br\/portal\/wp-json\/wp\/v2\/media?parent=19505"}],"wp:term":[{"taxonomy":"category","embeddable":true,"href":"https:\/\/somdepapo.com.br\/portal\/wp-json\/wp\/v2\/categories?post=19505"},{"taxonomy":"post_tag","embeddable":true,"href":"https:\/\/somdepapo.com.br\/portal\/wp-json\/wp\/v2\/tags?post=19505"}],"curies":[{"name":"wp","href":"https:\/\/api.w.org\/{rel}","templated":true}]}}