{"id":19518,"date":"2019-06-30T14:53:47","date_gmt":"2019-06-30T17:53:47","guid":{"rendered":"https:\/\/canalfolia.com.br\/?p=19518"},"modified":"2019-06-30T14:53:47","modified_gmt":"2019-06-30T17:53:47","slug":"sabadou-com-seu-maxixe","status":"publish","type":"post","link":"https:\/\/somdepapo.com.br\/portal\/sabadou-com-seu-maxixe\/","title":{"rendered":"SABADOU COM SEU MAXIXE"},"content":{"rendered":"<p style=\"text-align: justify;\">Um dos destaques do nosso sertanejo baiano, sem sombra de d\u00favidas \u00e9 a Banda Seu Maxixe que como sempre faz o p\u00fablico por onde passa n\u00e3o ficar parada ao som de seus grandes sucessos, bem como os do sertanejo atual.<\/p>\n<p><img fetchpriority=\"high\" decoding=\"async\" class=\"alignnone size-medium wp-image-19520\" src=\"https:\/\/canalfolia.com.br\/wp-content\/uploads\/2019\/06\/Screenshot_2019-06-30-14-57-31-169x300.png\" alt=\"\" width=\"169\" height=\"300\" srcset=\"https:\/\/somdepapo.com.br\/portal\/wp-content\/uploads\/2019\/06\/Screenshot_2019-06-30-14-57-31-169x300.png 169w, https:\/\/somdepapo.com.br\/portal\/wp-content\/uploads\/2019\/06\/Screenshot_2019-06-30-14-57-31-576x1024.png 576w, https:\/\/somdepapo.com.br\/portal\/wp-content\/uploads\/2019\/06\/Screenshot_2019-06-30-14-57-31-696x1237.png 696w, https:\/\/somdepapo.com.br\/portal\/wp-content\/uploads\/2019\/06\/Screenshot_2019-06-30-14-57-31-236x420.png 236w, https:\/\/somdepapo.com.br\/portal\/wp-content\/uploads\/2019\/06\/Screenshot_2019-06-30-14-57-31.png 720w\" sizes=\"(max-width: 169px) 100vw, 169px\" \/><\/p>\n<p style=\"text-align: justify;\">E \u00e9 claro que na noite de S\u00e3o Pedro n\u00e3o foi diferente, Seu Maxixe fez duas apresenta\u00e7\u00f5es no interior baiano contagiando o p\u00fablico. As apresenta\u00e7\u00f5es ocorreram nas cidades de Muritiba e Dias D&#8217;Avila.<\/p>\n<p>Fonte das imagens : Instagram oficial da banda<\/p>\n","protected":false},"excerpt":{"rendered":"<p>Um dos destaques do nosso sertanejo baiano, sem sombra de d\u00favidas \u00e9 a Banda Seu Maxixe que como sempre faz o p\u00fablico por onde passa n\u00e3o ficar parada ao som de seus grandes sucessos, bem como os do sertanejo atual. E \u00e9 claro que na noite de S\u00e3o Pedro n\u00e3o foi diferente, Seu Maxixe fez [&hellip;]<\/p>\n","protected":false},"author":1,"featured_media":19522,"comment_status":"open","ping_status":"open","sticky":false,"template":"","format":"standard","meta":{"ngg_post_thumbnail":0,"footnotes":""},"categories":[2,4],"tags":[],"class_list":["post-19518","post","type-post","status-publish","format-standard","has-post-thumbnail","hentry","category-destaques","category-eventos"],"_links":{"self":[{"href":"https:\/\/somdepapo.com.br\/portal\/wp-json\/wp\/v2\/posts\/19518","targetHints":{"allow":["GET"]}}],"collection":[{"href":"https:\/\/somdepapo.com.br\/portal\/wp-json\/wp\/v2\/posts"}],"about":[{"href":"https:\/\/somdepapo.com.br\/portal\/wp-json\/wp\/v2\/types\/post"}],"author":[{"embeddable":true,"href":"https:\/\/somdepapo.com.br\/portal\/wp-json\/wp\/v2\/users\/1"}],"replies":[{"embeddable":true,"href":"https:\/\/somdepapo.com.br\/portal\/wp-json\/wp\/v2\/comments?post=19518"}],"version-history":[{"count":0,"href":"https:\/\/somdepapo.com.br\/portal\/wp-json\/wp\/v2\/posts\/19518\/revisions"}],"wp:featuredmedia":[{"embeddable":true,"href":"https:\/\/somdepapo.com.br\/portal\/wp-json\/wp\/v2\/media\/19522"}],"wp:attachment":[{"href":"https:\/\/somdepapo.com.br\/portal\/wp-json\/wp\/v2\/media?parent=19518"}],"wp:term":[{"taxonomy":"category","embeddable":true,"href":"https:\/\/somdepapo.com.br\/portal\/wp-json\/wp\/v2\/categories?post=19518"},{"taxonomy":"post_tag","embeddable":true,"href":"https:\/\/somdepapo.com.br\/portal\/wp-json\/wp\/v2\/tags?post=19518"}],"curies":[{"name":"wp","href":"https:\/\/api.w.org\/{rel}","templated":true}]}}