{"id":19535,"date":"2019-07-01T10:12:26","date_gmt":"2019-07-01T13:12:26","guid":{"rendered":"https:\/\/canalfolia.com.br\/?p=19535"},"modified":"2019-07-01T10:12:26","modified_gmt":"2019-07-01T13:12:26","slug":"hoje-tem-ressaca-em-salvador","status":"publish","type":"post","link":"https:\/\/somdepapo.com.br\/portal\/hoje-tem-ressaca-em-salvador\/","title":{"rendered":"HOJE TEM RESSACA EM SALVADOR"},"content":{"rendered":"<p style=\"text-align: justify;\">Hoje \u00e9 dia de ressaca do S\u00e3o Jo\u00e3o e a festa pra reunir a galera de Salvador \u00e9 turistas que vieram para capital baiana curtir o feriado prolongado pra alguns baianos, ser\u00e1 no Coliseu do Forr\u00f3.<\/p>\n<p style=\"text-align: justify;\">Uma das atra\u00e7\u00f5es principais da festa ser\u00e1 Marlus Viana que veio de uma maratona de shows no S\u00e3o Jo\u00e3o e no S\u00e3o Pedro. O evento contar\u00e1 com a participa\u00e7\u00e3o especial da Banda Tio Barnab\u00e9 com Lukas Marks e Raphael Ribeiro al\u00e9m da cantora Jeanne Lima. A noite tamb\u00e9m ter\u00e1 o show da Banda Colher de Pau.<\/p>\n<p><img fetchpriority=\"high\" decoding=\"async\" class=\"alignnone size-medium wp-image-19536\" src=\"https:\/\/canalfolia.com.br\/wp-content\/uploads\/2019\/07\/IMG-20190629-WA0011-300x300.jpg\" alt=\"\" width=\"300\" height=\"300\" srcset=\"https:\/\/somdepapo.com.br\/portal\/wp-content\/uploads\/2019\/07\/IMG-20190629-WA0011-300x300.jpg 300w, https:\/\/somdepapo.com.br\/portal\/wp-content\/uploads\/2019\/07\/IMG-20190629-WA0011-1024x1024.jpg 1024w, https:\/\/somdepapo.com.br\/portal\/wp-content\/uploads\/2019\/07\/IMG-20190629-WA0011-150x150.jpg 150w, https:\/\/somdepapo.com.br\/portal\/wp-content\/uploads\/2019\/07\/IMG-20190629-WA0011-768x768.jpg 768w, https:\/\/somdepapo.com.br\/portal\/wp-content\/uploads\/2019\/07\/IMG-20190629-WA0011-696x696.jpg 696w, https:\/\/somdepapo.com.br\/portal\/wp-content\/uploads\/2019\/07\/IMG-20190629-WA0011-1068x1068.jpg 1068w, https:\/\/somdepapo.com.br\/portal\/wp-content\/uploads\/2019\/07\/IMG-20190629-WA0011-420x420.jpg 420w, https:\/\/somdepapo.com.br\/portal\/wp-content\/uploads\/2019\/07\/IMG-20190629-WA0011.jpg 1080w\" sizes=\"(max-width: 300px) 100vw, 300px\" \/><\/p>\n<p>V\u00e9spera de feriado baiano, comemora\u00e7\u00e3o da ressaca do S\u00e3o Jo\u00e3o de Santo Ant\u00f4nio de Jesus \u00e9 no Coliseu do Forr\u00f3.<\/p>\n","protected":false},"excerpt":{"rendered":"<p>Hoje \u00e9 dia de ressaca do S\u00e3o Jo\u00e3o e a festa pra reunir a galera de Salvador \u00e9 turistas que vieram para capital baiana curtir o feriado prolongado pra alguns baianos, ser\u00e1 no Coliseu do Forr\u00f3. Uma das atra\u00e7\u00f5es principais da festa ser\u00e1 Marlus Viana que veio de uma maratona de shows no S\u00e3o Jo\u00e3o [&hellip;]<\/p>\n","protected":false},"author":1,"featured_media":19538,"comment_status":"open","ping_status":"open","sticky":false,"template":"","format":"standard","meta":{"ngg_post_thumbnail":0,"footnotes":""},"categories":[2,4,41],"tags":[],"class_list":["post-19535","post","type-post","status-publish","format-standard","has-post-thumbnail","hentry","category-destaques","category-eventos","category-ultimasnoticias"],"_links":{"self":[{"href":"https:\/\/somdepapo.com.br\/portal\/wp-json\/wp\/v2\/posts\/19535","targetHints":{"allow":["GET"]}}],"collection":[{"href":"https:\/\/somdepapo.com.br\/portal\/wp-json\/wp\/v2\/posts"}],"about":[{"href":"https:\/\/somdepapo.com.br\/portal\/wp-json\/wp\/v2\/types\/post"}],"author":[{"embeddable":true,"href":"https:\/\/somdepapo.com.br\/portal\/wp-json\/wp\/v2\/users\/1"}],"replies":[{"embeddable":true,"href":"https:\/\/somdepapo.com.br\/portal\/wp-json\/wp\/v2\/comments?post=19535"}],"version-history":[{"count":0,"href":"https:\/\/somdepapo.com.br\/portal\/wp-json\/wp\/v2\/posts\/19535\/revisions"}],"wp:featuredmedia":[{"embeddable":true,"href":"https:\/\/somdepapo.com.br\/portal\/wp-json\/wp\/v2\/media\/19538"}],"wp:attachment":[{"href":"https:\/\/somdepapo.com.br\/portal\/wp-json\/wp\/v2\/media?parent=19535"}],"wp:term":[{"taxonomy":"category","embeddable":true,"href":"https:\/\/somdepapo.com.br\/portal\/wp-json\/wp\/v2\/categories?post=19535"},{"taxonomy":"post_tag","embeddable":true,"href":"https:\/\/somdepapo.com.br\/portal\/wp-json\/wp\/v2\/tags?post=19535"}],"curies":[{"name":"wp","href":"https:\/\/api.w.org\/{rel}","templated":true}]}}