{"id":19552,"date":"2019-07-02T13:35:08","date_gmt":"2019-07-02T16:35:08","guid":{"rendered":"https:\/\/canalfolia.com.br\/?p=19552"},"modified":"2019-07-02T13:35:08","modified_gmt":"2019-07-02T16:35:08","slug":"vamos-gravar-o-segundo-l","status":"publish","type":"post","link":"https:\/\/somdepapo.com.br\/portal\/vamos-gravar-o-segundo-l\/","title":{"rendered":"VAMOS GRAVAR O SEGUNDO L"},"content":{"rendered":"<div id=\"m7832305731283205081\" class=\"mail-message expanded\">\n<div class=\"mail-message-header spacer\" style=\"text-align: justify;\">Dia 15 de agosto \u00e9 um dos dias mais esperados pelos f\u00e3s do Gigante L\u00e9o Santana. \u00c9 a grava\u00e7\u00e3o s\u00f3 segundo DVD do cantor que ser\u00e1 gravado no Credicard Hall em Sampa.<\/div>\n<div><img fetchpriority=\"high\" decoding=\"async\" class=\"alignnone size-medium wp-image-19553\" src=\"https:\/\/canalfolia.com.br\/wp-content\/uploads\/2019\/07\/WhatsApp-Image-2019-07-02-at-12.05.04-300x300.jpeg\" alt=\"\" width=\"300\" height=\"300\" srcset=\"https:\/\/somdepapo.com.br\/portal\/wp-content\/uploads\/2019\/07\/WhatsApp-Image-2019-07-02-at-12.05.04-300x300.jpeg 300w, https:\/\/somdepapo.com.br\/portal\/wp-content\/uploads\/2019\/07\/WhatsApp-Image-2019-07-02-at-12.05.04-1024x1024.jpeg 1024w, https:\/\/somdepapo.com.br\/portal\/wp-content\/uploads\/2019\/07\/WhatsApp-Image-2019-07-02-at-12.05.04-150x150.jpeg 150w, https:\/\/somdepapo.com.br\/portal\/wp-content\/uploads\/2019\/07\/WhatsApp-Image-2019-07-02-at-12.05.04-768x768.jpeg 768w, https:\/\/somdepapo.com.br\/portal\/wp-content\/uploads\/2019\/07\/WhatsApp-Image-2019-07-02-at-12.05.04-696x696.jpeg 696w, https:\/\/somdepapo.com.br\/portal\/wp-content\/uploads\/2019\/07\/WhatsApp-Image-2019-07-02-at-12.05.04-1068x1068.jpeg 1068w, https:\/\/somdepapo.com.br\/portal\/wp-content\/uploads\/2019\/07\/WhatsApp-Image-2019-07-02-at-12.05.04-420x420.jpeg 420w, https:\/\/somdepapo.com.br\/portal\/wp-content\/uploads\/2019\/07\/WhatsApp-Image-2019-07-02-at-12.05.04.jpeg 1080w\" sizes=\"(max-width: 300px) 100vw, 300px\" \/><\/div>\n<div style=\"text-align: justify;\">O show de grava\u00e7\u00e3o do DVD intitulado de Levada do Gigante j\u00e1 est\u00e1 com as vendas\u00a0 abertas dos ingressos. Em breve ser\u00e3o divulgadas as participa\u00e7\u00f5es. Aguardem que vem mais novidades.<\/div>\n<\/div>\n","protected":false},"excerpt":{"rendered":"<p>Dia 15 de agosto \u00e9 um dos dias mais esperados pelos f\u00e3s do Gigante L\u00e9o Santana. \u00c9 a grava\u00e7\u00e3o s\u00f3 segundo DVD do cantor que ser\u00e1 gravado no Credicard Hall em Sampa. O show de grava\u00e7\u00e3o do DVD intitulado de Levada do Gigante j\u00e1 est\u00e1 com as vendas\u00a0 abertas dos ingressos. Em breve ser\u00e3o divulgadas [&hellip;]<\/p>\n","protected":false},"author":1,"featured_media":19558,"comment_status":"open","ping_status":"open","sticky":false,"template":"","format":"standard","meta":{"ngg_post_thumbnail":0,"footnotes":""},"categories":[2,4,41],"tags":[],"class_list":["post-19552","post","type-post","status-publish","format-standard","has-post-thumbnail","hentry","category-destaques","category-eventos","category-ultimasnoticias"],"_links":{"self":[{"href":"https:\/\/somdepapo.com.br\/portal\/wp-json\/wp\/v2\/posts\/19552","targetHints":{"allow":["GET"]}}],"collection":[{"href":"https:\/\/somdepapo.com.br\/portal\/wp-json\/wp\/v2\/posts"}],"about":[{"href":"https:\/\/somdepapo.com.br\/portal\/wp-json\/wp\/v2\/types\/post"}],"author":[{"embeddable":true,"href":"https:\/\/somdepapo.com.br\/portal\/wp-json\/wp\/v2\/users\/1"}],"replies":[{"embeddable":true,"href":"https:\/\/somdepapo.com.br\/portal\/wp-json\/wp\/v2\/comments?post=19552"}],"version-history":[{"count":0,"href":"https:\/\/somdepapo.com.br\/portal\/wp-json\/wp\/v2\/posts\/19552\/revisions"}],"wp:featuredmedia":[{"embeddable":true,"href":"https:\/\/somdepapo.com.br\/portal\/wp-json\/wp\/v2\/media\/19558"}],"wp:attachment":[{"href":"https:\/\/somdepapo.com.br\/portal\/wp-json\/wp\/v2\/media?parent=19552"}],"wp:term":[{"taxonomy":"category","embeddable":true,"href":"https:\/\/somdepapo.com.br\/portal\/wp-json\/wp\/v2\/categories?post=19552"},{"taxonomy":"post_tag","embeddable":true,"href":"https:\/\/somdepapo.com.br\/portal\/wp-json\/wp\/v2\/tags?post=19552"}],"curies":[{"name":"wp","href":"https:\/\/api.w.org\/{rel}","templated":true}]}}