{"id":19566,"date":"2019-07-03T11:31:20","date_gmt":"2019-07-03T14:31:20","guid":{"rendered":"https:\/\/canalfolia.com.br\/?p=19566"},"modified":"2019-07-03T11:31:20","modified_gmt":"2019-07-03T14:31:20","slug":"eva-deu-sorte-ao-brasil","status":"publish","type":"post","link":"https:\/\/somdepapo.com.br\/portal\/eva-deu-sorte-ao-brasil\/","title":{"rendered":"EVA DEU SORTE AO BRASIL"},"content":{"rendered":"<p style=\"text-align: justify;\">Ontem a adrenalina do brasileiro ficou elevada na expectativa do resultado do jogo do Brasil X Argentina por\u00e9m a vit\u00f3ria foi certa e quem foi p\u00e9 direito n\u00e3o foram s\u00f3 os jogadores e a torcida verde e amarela, mas tamb\u00e9m a Banda Eva que contagiou todos no Farol da Barra fazendo o p\u00fablico comemorar a vit\u00f3ria em pleno dia da Independ\u00eancia da Bahia.<\/p>\n","protected":false},"excerpt":{"rendered":"<p>Ontem a adrenalina do brasileiro ficou elevada na expectativa do resultado do jogo do Brasil X Argentina por\u00e9m a vit\u00f3ria foi certa e quem foi p\u00e9 direito n\u00e3o foram s\u00f3 os jogadores e a torcida verde e amarela, mas tamb\u00e9m a Banda Eva que contagiou todos no Farol da Barra fazendo o p\u00fablico comemorar a [&hellip;]<\/p>\n","protected":false},"author":1,"featured_media":19567,"comment_status":"open","ping_status":"open","sticky":false,"template":"","format":"standard","meta":{"ngg_post_thumbnail":0,"footnotes":""},"categories":[2,4,31],"tags":[],"class_list":["post-19566","post","type-post","status-publish","format-standard","has-post-thumbnail","hentry","category-destaques","category-eventos","category-noticias"],"_links":{"self":[{"href":"https:\/\/somdepapo.com.br\/portal\/wp-json\/wp\/v2\/posts\/19566","targetHints":{"allow":["GET"]}}],"collection":[{"href":"https:\/\/somdepapo.com.br\/portal\/wp-json\/wp\/v2\/posts"}],"about":[{"href":"https:\/\/somdepapo.com.br\/portal\/wp-json\/wp\/v2\/types\/post"}],"author":[{"embeddable":true,"href":"https:\/\/somdepapo.com.br\/portal\/wp-json\/wp\/v2\/users\/1"}],"replies":[{"embeddable":true,"href":"https:\/\/somdepapo.com.br\/portal\/wp-json\/wp\/v2\/comments?post=19566"}],"version-history":[{"count":0,"href":"https:\/\/somdepapo.com.br\/portal\/wp-json\/wp\/v2\/posts\/19566\/revisions"}],"wp:featuredmedia":[{"embeddable":true,"href":"https:\/\/somdepapo.com.br\/portal\/wp-json\/wp\/v2\/media\/19567"}],"wp:attachment":[{"href":"https:\/\/somdepapo.com.br\/portal\/wp-json\/wp\/v2\/media?parent=19566"}],"wp:term":[{"taxonomy":"category","embeddable":true,"href":"https:\/\/somdepapo.com.br\/portal\/wp-json\/wp\/v2\/categories?post=19566"},{"taxonomy":"post_tag","embeddable":true,"href":"https:\/\/somdepapo.com.br\/portal\/wp-json\/wp\/v2\/tags?post=19566"}],"curies":[{"name":"wp","href":"https:\/\/api.w.org\/{rel}","templated":true}]}}