{"id":19573,"date":"2019-07-03T15:00:54","date_gmt":"2019-07-03T18:00:54","guid":{"rendered":"https:\/\/canalfolia.com.br\/?p=19573"},"modified":"2019-07-03T15:00:54","modified_gmt":"2019-07-03T18:00:54","slug":"expectativas-pro-dvd-de-pericles","status":"publish","type":"post","link":"https:\/\/somdepapo.com.br\/portal\/expectativas-pro-dvd-de-pericles\/","title":{"rendered":"EXPECTATIVAS PRO DVD DE PERICLES"},"content":{"rendered":"<div id=\"m1821152118454631912\" class=\"mail-message expanded\">\n<div class=\"mail-message-header spacer\" style=\"text-align: justify;\">\u00c9 neste s\u00e1bado que acontece a grava\u00e7\u00e3o do DVD de P\u00e9ricles na Arena Fonte Nova, e uma super estrutura j\u00e1 est\u00e1 nos ajustes finais para esse registro t\u00e3o especial. Salvador ter\u00e1 o que existe de mais moderno em tecnologia, ilumina\u00e7\u00e3o e estrutura.<\/div>\n<div><img fetchpriority=\"high\" decoding=\"async\" class=\"alignnone size-medium wp-image-19575\" src=\"https:\/\/canalfolia.com.br\/wp-content\/uploads\/2019\/07\/Pericles-300x252.jpg\" alt=\"\" width=\"300\" height=\"252\" srcset=\"https:\/\/somdepapo.com.br\/portal\/wp-content\/uploads\/2019\/07\/Pericles-300x252.jpg 300w, https:\/\/somdepapo.com.br\/portal\/wp-content\/uploads\/2019\/07\/Pericles-501x420.jpg 501w, https:\/\/somdepapo.com.br\/portal\/wp-content\/uploads\/2019\/07\/Pericles.jpg 620w\" sizes=\"(max-width: 300px) 100vw, 300px\" \/><\/div>\n<div class=\"mail-message-content collapsible zoom-normal mail-show-images \">\n<div class=\"clear\">\n<div dir=\"ltr\" style=\"text-align: justify;\">Al\u00e9m de shows do sambista carioca Tiee, e do Harmonia do Samba os quais juntos cantar\u00e3o uma faixa exclusiva com P\u00e9ricles.<\/div>\n<div dir=\"ltr\" style=\"text-align: justify;\">O evento ainda ter\u00e1 show completo de Belo, que promete relembrar grandes sucessos consagrados do pagode.<\/div>\n<div dir=\"ltr\" style=\"text-align: justify;\">\n<p><img decoding=\"async\" class=\"alignnone size-medium wp-image-19574\" src=\"https:\/\/canalfolia.com.br\/wp-content\/uploads\/2019\/07\/DVD-de-P\u00e9ricles-300x300.jpeg\" alt=\"\" width=\"300\" height=\"300\" srcset=\"https:\/\/somdepapo.com.br\/portal\/wp-content\/uploads\/2019\/07\/DVD-de-P\u00e9ricles-300x300.jpeg 300w, https:\/\/somdepapo.com.br\/portal\/wp-content\/uploads\/2019\/07\/DVD-de-P\u00e9ricles-1024x1024.jpeg 1024w, https:\/\/somdepapo.com.br\/portal\/wp-content\/uploads\/2019\/07\/DVD-de-P\u00e9ricles-150x150.jpeg 150w, https:\/\/somdepapo.com.br\/portal\/wp-content\/uploads\/2019\/07\/DVD-de-P\u00e9ricles-768x768.jpeg 768w, https:\/\/somdepapo.com.br\/portal\/wp-content\/uploads\/2019\/07\/DVD-de-P\u00e9ricles-696x696.jpeg 696w, https:\/\/somdepapo.com.br\/portal\/wp-content\/uploads\/2019\/07\/DVD-de-P\u00e9ricles-1068x1068.jpeg 1068w, https:\/\/somdepapo.com.br\/portal\/wp-content\/uploads\/2019\/07\/DVD-de-P\u00e9ricles-420x420.jpeg 420w, https:\/\/somdepapo.com.br\/portal\/wp-content\/uploads\/2019\/07\/DVD-de-P\u00e9ricles.jpeg 1080w\" sizes=\"(max-width: 300px) 100vw, 300px\" \/><\/p>\n<p>P\u00e9ricles tamb\u00e9m receber\u00e1 para participa\u00e7\u00f5es: o cantor Jorge Vercillo e a atriz e cantora Jeniffer Nascimento.<\/p>\n<\/div>\n<\/div>\n<\/div>\n<div class=\"mail-message-footer spacer collapsible\"><\/div>\n<\/div>\n<div id=\"conversation-footer\" class=\"spacer\"><\/div>\n","protected":false},"excerpt":{"rendered":"<p>\u00c9 neste s\u00e1bado que acontece a grava\u00e7\u00e3o do DVD de P\u00e9ricles na Arena Fonte Nova, e uma super estrutura j\u00e1 est\u00e1 nos ajustes finais para esse registro t\u00e3o especial. Salvador ter\u00e1 o que existe de mais moderno em tecnologia, ilumina\u00e7\u00e3o e estrutura. Al\u00e9m de shows do sambista carioca Tiee, e do Harmonia do Samba os [&hellip;]<\/p>\n","protected":false},"author":1,"featured_media":19578,"comment_status":"open","ping_status":"open","sticky":false,"template":"","format":"standard","meta":{"ngg_post_thumbnail":0,"footnotes":""},"categories":[2,4,41],"tags":[],"class_list":["post-19573","post","type-post","status-publish","format-standard","has-post-thumbnail","hentry","category-destaques","category-eventos","category-ultimasnoticias"],"_links":{"self":[{"href":"https:\/\/somdepapo.com.br\/portal\/wp-json\/wp\/v2\/posts\/19573","targetHints":{"allow":["GET"]}}],"collection":[{"href":"https:\/\/somdepapo.com.br\/portal\/wp-json\/wp\/v2\/posts"}],"about":[{"href":"https:\/\/somdepapo.com.br\/portal\/wp-json\/wp\/v2\/types\/post"}],"author":[{"embeddable":true,"href":"https:\/\/somdepapo.com.br\/portal\/wp-json\/wp\/v2\/users\/1"}],"replies":[{"embeddable":true,"href":"https:\/\/somdepapo.com.br\/portal\/wp-json\/wp\/v2\/comments?post=19573"}],"version-history":[{"count":0,"href":"https:\/\/somdepapo.com.br\/portal\/wp-json\/wp\/v2\/posts\/19573\/revisions"}],"wp:featuredmedia":[{"embeddable":true,"href":"https:\/\/somdepapo.com.br\/portal\/wp-json\/wp\/v2\/media\/19578"}],"wp:attachment":[{"href":"https:\/\/somdepapo.com.br\/portal\/wp-json\/wp\/v2\/media?parent=19573"}],"wp:term":[{"taxonomy":"category","embeddable":true,"href":"https:\/\/somdepapo.com.br\/portal\/wp-json\/wp\/v2\/categories?post=19573"},{"taxonomy":"post_tag","embeddable":true,"href":"https:\/\/somdepapo.com.br\/portal\/wp-json\/wp\/v2\/tags?post=19573"}],"curies":[{"name":"wp","href":"https:\/\/api.w.org\/{rel}","templated":true}]}}