{"id":19585,"date":"2019-07-04T14:17:42","date_gmt":"2019-07-04T17:17:42","guid":{"rendered":"https:\/\/canalfolia.com.br\/?p=19585"},"modified":"2019-07-04T14:17:42","modified_gmt":"2019-07-04T17:17:42","slug":"as-baladas-do-tuca-de-volta","status":"publish","type":"post","link":"https:\/\/somdepapo.com.br\/portal\/as-baladas-do-tuca-de-volta\/","title":{"rendered":"AS BALADAS DO TUCA DE VOLTA"},"content":{"rendered":"<p style=\"text-align: justify;\">Relembrando cl\u00e1ssicos de seus 20 anos de carreira, bem como cantando grandes hits da hist\u00f3ria do nosso Ax\u00e9 Music, Tuca Fernandes traz de volta o projeto de intitulado \u201cAs Baladas do Tuca\u201d.<\/p>\n<p style=\"text-align: justify;\">O evento come\u00e7a amanh\u00e3, sexta-feira dia 05 de julho, no RV Lounge, localizado na Vila Caramuru, no bairro do Rio Vermelho.<\/p>\n<p>&nbsp;<\/p>\n<p style=\"text-align: justify;\">De acordo com Tuca \u201cO projeto promove uma grande viagem pela m\u00fasica da Bahia! Fizemos uma temporada no ano passado e estamos voltando esse ano com todo o g\u00e1s. Espero a minha galera por l\u00e1!\u201d<\/p>\n","protected":false},"excerpt":{"rendered":"<p>Relembrando cl\u00e1ssicos de seus 20 anos de carreira, bem como cantando grandes hits da hist\u00f3ria do nosso Ax\u00e9 Music, Tuca Fernandes traz de volta o projeto de intitulado \u201cAs Baladas do Tuca\u201d. O evento come\u00e7a amanh\u00e3, sexta-feira dia 05 de julho, no RV Lounge, localizado na Vila Caramuru, no bairro do Rio Vermelho. &nbsp; De [&hellip;]<\/p>\n","protected":false},"author":1,"featured_media":19588,"comment_status":"open","ping_status":"open","sticky":false,"template":"","format":"standard","meta":{"ngg_post_thumbnail":0,"footnotes":""},"categories":[2,4,41],"tags":[],"class_list":["post-19585","post","type-post","status-publish","format-standard","has-post-thumbnail","hentry","category-destaques","category-eventos","category-ultimasnoticias"],"_links":{"self":[{"href":"https:\/\/somdepapo.com.br\/portal\/wp-json\/wp\/v2\/posts\/19585","targetHints":{"allow":["GET"]}}],"collection":[{"href":"https:\/\/somdepapo.com.br\/portal\/wp-json\/wp\/v2\/posts"}],"about":[{"href":"https:\/\/somdepapo.com.br\/portal\/wp-json\/wp\/v2\/types\/post"}],"author":[{"embeddable":true,"href":"https:\/\/somdepapo.com.br\/portal\/wp-json\/wp\/v2\/users\/1"}],"replies":[{"embeddable":true,"href":"https:\/\/somdepapo.com.br\/portal\/wp-json\/wp\/v2\/comments?post=19585"}],"version-history":[{"count":0,"href":"https:\/\/somdepapo.com.br\/portal\/wp-json\/wp\/v2\/posts\/19585\/revisions"}],"wp:featuredmedia":[{"embeddable":true,"href":"https:\/\/somdepapo.com.br\/portal\/wp-json\/wp\/v2\/media\/19588"}],"wp:attachment":[{"href":"https:\/\/somdepapo.com.br\/portal\/wp-json\/wp\/v2\/media?parent=19585"}],"wp:term":[{"taxonomy":"category","embeddable":true,"href":"https:\/\/somdepapo.com.br\/portal\/wp-json\/wp\/v2\/categories?post=19585"},{"taxonomy":"post_tag","embeddable":true,"href":"https:\/\/somdepapo.com.br\/portal\/wp-json\/wp\/v2\/tags?post=19585"}],"curies":[{"name":"wp","href":"https:\/\/api.w.org\/{rel}","templated":true}]}}