{"id":19600,"date":"2019-07-05T14:35:52","date_gmt":"2019-07-05T17:35:52","guid":{"rendered":"https:\/\/canalfolia.com.br\/?p=19600"},"modified":"2019-07-05T14:35:52","modified_gmt":"2019-07-05T17:35:52","slug":"tem-babado-em-tocatinia","status":"publish","type":"post","link":"https:\/\/somdepapo.com.br\/portal\/tem-babado-em-tocatinia\/","title":{"rendered":"TEM BABADO NO TOCANTINS"},"content":{"rendered":"<p style=\"text-align: justify;\">A temporada Praia 2019 do evento P\u00f4r do Sol come\u00e7a amanh\u00e3 dia 6 de julho e vai at\u00e9 28 de julho e pra abrir o evento com p\u00e9 direito, vai rolar o ax\u00e9 e do Babado Novo.<\/p>\n<p><img fetchpriority=\"high\" decoding=\"async\" class=\"alignnone size-medium wp-image-19601\" src=\"https:\/\/canalfolia.com.br\/wp-content\/uploads\/2019\/07\/Screenshot_2019-07-05-12-31-17-169x300.png\" alt=\"\" width=\"169\" height=\"300\" srcset=\"https:\/\/somdepapo.com.br\/portal\/wp-content\/uploads\/2019\/07\/Screenshot_2019-07-05-12-31-17-169x300.png 169w, https:\/\/somdepapo.com.br\/portal\/wp-content\/uploads\/2019\/07\/Screenshot_2019-07-05-12-31-17-576x1024.png 576w, https:\/\/somdepapo.com.br\/portal\/wp-content\/uploads\/2019\/07\/Screenshot_2019-07-05-12-31-17-696x1237.png 696w, https:\/\/somdepapo.com.br\/portal\/wp-content\/uploads\/2019\/07\/Screenshot_2019-07-05-12-31-17-236x420.png 236w, https:\/\/somdepapo.com.br\/portal\/wp-content\/uploads\/2019\/07\/Screenshot_2019-07-05-12-31-17.png 720w\" sizes=\"(max-width: 169px) 100vw, 169px\" \/><\/p>\n<p style=\"text-align: justify;\">A apresenta\u00e7\u00e3o de Mari Antunes e a turma do Babado ser\u00e1 na cidade de Tocantinia no estado do Tocantins.<\/p>\n<p>&nbsp;<\/p>\n","protected":false},"excerpt":{"rendered":"<p>A temporada Praia 2019 do evento P\u00f4r do Sol come\u00e7a amanh\u00e3 dia 6 de julho e vai at\u00e9 28 de julho e pra abrir o evento com p\u00e9 direito, vai rolar o ax\u00e9 e do Babado Novo. A apresenta\u00e7\u00e3o de Mari Antunes e a turma do Babado ser\u00e1 na cidade de Tocantinia no estado do [&hellip;]<\/p>\n","protected":false},"author":1,"featured_media":19602,"comment_status":"open","ping_status":"open","sticky":false,"template":"","format":"standard","meta":{"ngg_post_thumbnail":0,"footnotes":""},"categories":[2,4,41],"tags":[],"class_list":["post-19600","post","type-post","status-publish","format-standard","has-post-thumbnail","hentry","category-destaques","category-eventos","category-ultimasnoticias"],"_links":{"self":[{"href":"https:\/\/somdepapo.com.br\/portal\/wp-json\/wp\/v2\/posts\/19600","targetHints":{"allow":["GET"]}}],"collection":[{"href":"https:\/\/somdepapo.com.br\/portal\/wp-json\/wp\/v2\/posts"}],"about":[{"href":"https:\/\/somdepapo.com.br\/portal\/wp-json\/wp\/v2\/types\/post"}],"author":[{"embeddable":true,"href":"https:\/\/somdepapo.com.br\/portal\/wp-json\/wp\/v2\/users\/1"}],"replies":[{"embeddable":true,"href":"https:\/\/somdepapo.com.br\/portal\/wp-json\/wp\/v2\/comments?post=19600"}],"version-history":[{"count":0,"href":"https:\/\/somdepapo.com.br\/portal\/wp-json\/wp\/v2\/posts\/19600\/revisions"}],"wp:featuredmedia":[{"embeddable":true,"href":"https:\/\/somdepapo.com.br\/portal\/wp-json\/wp\/v2\/media\/19602"}],"wp:attachment":[{"href":"https:\/\/somdepapo.com.br\/portal\/wp-json\/wp\/v2\/media?parent=19600"}],"wp:term":[{"taxonomy":"category","embeddable":true,"href":"https:\/\/somdepapo.com.br\/portal\/wp-json\/wp\/v2\/categories?post=19600"},{"taxonomy":"post_tag","embeddable":true,"href":"https:\/\/somdepapo.com.br\/portal\/wp-json\/wp\/v2\/tags?post=19600"}],"curies":[{"name":"wp","href":"https:\/\/api.w.org\/{rel}","templated":true}]}}