{"id":20795,"date":"2019-10-15T10:19:04","date_gmt":"2019-10-15T13:19:04","guid":{"rendered":"https:\/\/canalfolia.com.br\/?p=20795"},"modified":"2019-10-15T10:19:04","modified_gmt":"2019-10-15T13:19:04","slug":"derramamento-de-oleo-nas-praias-do-nordeste-e-o-papel-das-pesquisas-cientificas-na-construcao-do-saber-da-populacao-brasileira","status":"publish","type":"post","link":"https:\/\/somdepapo.com.br\/portal\/derramamento-de-oleo-nas-praias-do-nordeste-e-o-papel-das-pesquisas-cientificas-na-construcao-do-saber-da-populacao-brasileira\/","title":{"rendered":"Derramamento de \u00f3leo nas praias do nordeste e o papel das pesquisas cient\u00edficas na constru\u00e7\u00e3o do saber da popula\u00e7\u00e3o brasileira"},"content":{"rendered":"<p style=\"text-align: right;\">Por Marcus Vinicius Peralva Santos<\/p>\n<p style=\"text-align: justify;\">Nas \u00faltimas duas semanas os notici\u00e1rios de todo o pa\u00eds t\u00eam dado bastante \u00eanfase ao derramamento de \u00f3leo que tem atingido diversas praias da regi\u00e3o nordeste do Brasil, o que deixou todo mundo com a pulga atr\u00e1s da orelha em rela\u00e7\u00e3o a quem seria o respons\u00e1vel por tal situa\u00e7\u00e3o. Seria uma a\u00e7\u00e3o local do pa\u00eds, ou uma a\u00e7\u00e3o local externa, provinda de outro pa\u00eds?<br \/>\nEste continua sendo ainda um grande mist\u00e9rio, mas um dos mist\u00e9rios que engloba esta cat\u00e1strofe ambiental j\u00e1 foi solucionado, afinal pesquisadores do Instituto de Geoci\u00eancias, da Universidade Federal da Bahia chegaram a conclus\u00e3o que a origem do \u00f3leo que atinge as nossas praias s\u00e3o de bacias de petr\u00f3leo da Venezuela, o que n\u00e3o quer dizer que ele (o \u00f3leo) esta vindo diretamente da sua bacia de origem para aqui, mas, certamente, foi lan\u00e7ado em \u00e1guas brasileiras por alguma embarca\u00e7\u00e3o que percorreu as \u00e1guas brasileiras, deixando para n\u00f3s este presente de grego.<br \/>\nPor livre iniciativa, pesquisadores da LEPETRO na UFBA analisaram amostras de \u00f3leo obtidas em praias da Bahia e de Sergipe e verificaram por meio de biomarcadores presentes nestes \u00f3leos, que as caracter\u00edsticas dos \u00f3leos n\u00e3o condizem com o \u00f3leo produzido em nosso pa\u00eds, sendo os biomarcadores t\u00edpicos dos \u00f3leos produzidos na Venezuela.<br \/>\nCabe destacar que v\u00e1rios setores da UFBA, como os institutos de Geoci\u00eancias e de F\u00edsica, al\u00e9m de outras institui\u00e7\u00f5es como a Universidade Federal de Feira de Santana (UEFS) e da Universidade Federal de Sergipe (UFS) tamb\u00e9m est\u00e3o contribuindo com os estudos sobre a origem e o impacto destes compostos em nossas praias, e tudo isto de forma volunt\u00e1ria!<br \/>\nNeste ponto cabe aqui destacarmos como o incentivo a pesquisa e o seu consequente investimento proporciona a todos n\u00f3s a constru\u00e7\u00e3o de conhecimentos que podem nos permear por toda a vida. Voc\u00ea leitor pode at\u00e9 n\u00e3o ser pesquisador, mas as informa\u00e7\u00f5es obtidas e divulgadas nos notici\u00e1rios dia a dia com certeza te atingiram de alguma forma e alguma delas deve ter sido assimilado por voc\u00ea.<br \/>\nO Whatsapp se tornou uma grande ferramenta para divulga\u00e7\u00e3o de conhecimento, onde milhares de ilustra\u00e7\u00f5es e textos tentam ajudar a popula\u00e7\u00e3o a como proceder caso se depare diante de uma praia afetada pelos \u00f3leos. Voc\u00ea certamente j\u00e1 deve ter recebido de um amigo ou de um familiar, ou at\u00e9 mesmo visto no stories de algum conhecido.<br \/>\nNestes momentos \u00e9 muito gratificante sabermos o quanto temos nas faculdades pelo pa\u00eds a fora, pessoas preocupadas em tentar solucionar a atual problem\u00e1tica do derramamento de \u00f3leos em nossas praias, al\u00e9m de divulgar o conhecimento conosco, meros leigos da sociedade. \u00c9 aquele momento em que o conhecimento cient\u00edfico, muitas vezes rebuscado, se torna o conhecimento popular, dispon\u00edvel a todos de uma forma de f\u00e1cil entendimento.<br \/>\nN\u00f3s do PORTAL CANAL FOLIA deixamos aqui o nosso parab\u00e9ns a este grupo de pesquisadores que tanto tem nos orgulhado com sua dedica\u00e7\u00e3o em estudar e esclarecer nossas d\u00favidas. Para finalizar, deixamos para voc\u00eas como indica\u00e7\u00e3o de leitura o texto \u201cAn\u00e1lises do LEPETRO\/IGEO indicam correla\u00e7\u00e3o entre \u00f3leo de praias do Nordeste e petr\u00f3leo venezuelano\u201d de autoria do site \u201cEdgardigital\u201d da UFBA, dispon\u00edvel no link: http:\/\/www.edgardigital.ufba.br\/?p=14711<br \/>\nNo mais, uma boa semana a todos e at\u00e9 o nosso pr\u00f3ximo encontro!<\/p>\n<p>FONTE DA IMAGEM:<br \/>\nJORNAL DO COM\u00c9RCIO. Suspeito do derrame de \u00f3leo no litoral brasileiro, navio fantasma \u2018dribla\u2019 radares. Caderno de Meio Ambiente. Foto de autoria de Simone Santos \u2013 Projeto Praia Limpa. 2019. Dispon\u00edvel em: www.jornaldocomercio.com\/_conteudo\/geral\/2019\/10\/707264-suspeito-do-derrame-de-oleo-no-litoral-brasileiro-navio-fantasma-dribla-radares.html&gt;. Acesso em: 13 out. 2019.<\/p>\n","protected":false},"excerpt":{"rendered":"<p>Por Marcus Vinicius Peralva Santos Nas \u00faltimas duas semanas os notici\u00e1rios de todo o pa\u00eds t\u00eam dado bastante \u00eanfase ao derramamento de \u00f3leo que tem atingido diversas praias da regi\u00e3o nordeste do Brasil, o que deixou todo mundo com a pulga atr\u00e1s da orelha em rela\u00e7\u00e3o a quem seria o respons\u00e1vel por tal situa\u00e7\u00e3o. Seria [&hellip;]<\/p>\n","protected":false},"author":1,"featured_media":20796,"comment_status":"open","ping_status":"open","sticky":false,"template":"","format":"standard","meta":{"ngg_post_thumbnail":0,"footnotes":""},"categories":[2,23,31,41],"tags":[],"class_list":["post-20795","post","type-post","status-publish","format-standard","has-post-thumbnail","hentry","category-destaques","category-literatura","category-noticias","category-ultimasnoticias"],"_links":{"self":[{"href":"https:\/\/somdepapo.com.br\/portal\/wp-json\/wp\/v2\/posts\/20795","targetHints":{"allow":["GET"]}}],"collection":[{"href":"https:\/\/somdepapo.com.br\/portal\/wp-json\/wp\/v2\/posts"}],"about":[{"href":"https:\/\/somdepapo.com.br\/portal\/wp-json\/wp\/v2\/types\/post"}],"author":[{"embeddable":true,"href":"https:\/\/somdepapo.com.br\/portal\/wp-json\/wp\/v2\/users\/1"}],"replies":[{"embeddable":true,"href":"https:\/\/somdepapo.com.br\/portal\/wp-json\/wp\/v2\/comments?post=20795"}],"version-history":[{"count":0,"href":"https:\/\/somdepapo.com.br\/portal\/wp-json\/wp\/v2\/posts\/20795\/revisions"}],"wp:featuredmedia":[{"embeddable":true,"href":"https:\/\/somdepapo.com.br\/portal\/wp-json\/wp\/v2\/media\/20796"}],"wp:attachment":[{"href":"https:\/\/somdepapo.com.br\/portal\/wp-json\/wp\/v2\/media?parent=20795"}],"wp:term":[{"taxonomy":"category","embeddable":true,"href":"https:\/\/somdepapo.com.br\/portal\/wp-json\/wp\/v2\/categories?post=20795"},{"taxonomy":"post_tag","embeddable":true,"href":"https:\/\/somdepapo.com.br\/portal\/wp-json\/wp\/v2\/tags?post=20795"}],"curies":[{"name":"wp","href":"https:\/\/api.w.org\/{rel}","templated":true}]}}