{"id":21072,"date":"2019-11-16T09:26:37","date_gmt":"2019-11-16T11:26:37","guid":{"rendered":"https:\/\/somdepapo.com.br\/?p=21072"},"modified":"2019-11-16T09:26:37","modified_gmt":"2019-11-16T11:26:37","slug":"21072-2","status":"publish","type":"post","link":"https:\/\/somdepapo.com.br\/portal\/21072-2\/","title":{"rendered":"Que tal uma salada para prevenir o c\u00e2ncer de pr\u00f3stata?"},"content":{"rendered":"<p style=\"text-align: right;\">Por Floriano Silva<\/p>\n<p style=\"text-align: justify;\">Ol\u00e1 caros leitores, estamos no m\u00eas de novembro o qual simboliza a preven\u00e7\u00e3o ao c\u00e2ncer de pr\u00f3stata. Ver\u00e3o chegando,muito calor, ent\u00e3o, nada melhor do que uma salada, por ser um prato leve, saud\u00e1vel, muito saboroso e ajuda a combater o c\u00e2ncer de pr\u00f3stata. Com este prop\u00f3sito de se preocupar a prevenir tal modalidade cancerigina, vamos ensinar um tipo de salada em que voc\u00ea, leitor, vai utilizar alfaces roxo e americano, com bastante tomate, agri\u00e3o, cenoura ralada, rabanete e salm\u00e3o.<\/p>\n<p style=\"text-align: justify;\">O modo de preparo \u00e9 bem simples: voc\u00ea faz fatias finas de salm\u00e3o salteado levemente em uma frigideira antiaderente com um fio de azeite de oliva, sendo importante lembrar que voc\u00ea pode substituir o salm\u00e3o por atum, ou sardinha, fica ao seu crit\u00e9rio. Regue com azeite extra virgem e aceto bals\u00e2mico. Bom apetite !<\/p>\n","protected":false},"excerpt":{"rendered":"<p>Por Floriano Silva Ol\u00e1 caros leitores, estamos no m\u00eas de novembro o qual simboliza a preven\u00e7\u00e3o ao c\u00e2ncer de pr\u00f3stata. Ver\u00e3o chegando,muito calor, ent\u00e3o, nada melhor do que uma salada, por ser um prato leve, saud\u00e1vel, muito saboroso e ajuda a combater o c\u00e2ncer de pr\u00f3stata. Com este prop\u00f3sito de se preocupar a prevenir tal [&hellip;]<\/p>\n","protected":false},"author":1,"featured_media":21073,"comment_status":"open","ping_status":"open","sticky":false,"template":"","format":"standard","meta":{"ngg_post_thumbnail":0,"footnotes":""},"categories":[2,8,31,41],"tags":[],"class_list":["post-21072","post","type-post","status-publish","format-standard","has-post-thumbnail","hentry","category-destaques","category-gastronomia","category-noticias","category-ultimasnoticias"],"_links":{"self":[{"href":"https:\/\/somdepapo.com.br\/portal\/wp-json\/wp\/v2\/posts\/21072","targetHints":{"allow":["GET"]}}],"collection":[{"href":"https:\/\/somdepapo.com.br\/portal\/wp-json\/wp\/v2\/posts"}],"about":[{"href":"https:\/\/somdepapo.com.br\/portal\/wp-json\/wp\/v2\/types\/post"}],"author":[{"embeddable":true,"href":"https:\/\/somdepapo.com.br\/portal\/wp-json\/wp\/v2\/users\/1"}],"replies":[{"embeddable":true,"href":"https:\/\/somdepapo.com.br\/portal\/wp-json\/wp\/v2\/comments?post=21072"}],"version-history":[{"count":0,"href":"https:\/\/somdepapo.com.br\/portal\/wp-json\/wp\/v2\/posts\/21072\/revisions"}],"wp:featuredmedia":[{"embeddable":true,"href":"https:\/\/somdepapo.com.br\/portal\/wp-json\/wp\/v2\/media\/21073"}],"wp:attachment":[{"href":"https:\/\/somdepapo.com.br\/portal\/wp-json\/wp\/v2\/media?parent=21072"}],"wp:term":[{"taxonomy":"category","embeddable":true,"href":"https:\/\/somdepapo.com.br\/portal\/wp-json\/wp\/v2\/categories?post=21072"},{"taxonomy":"post_tag","embeddable":true,"href":"https:\/\/somdepapo.com.br\/portal\/wp-json\/wp\/v2\/tags?post=21072"}],"curies":[{"name":"wp","href":"https:\/\/api.w.org\/{rel}","templated":true}]}}