{"id":21139,"date":"2019-11-22T13:41:16","date_gmt":"2019-11-22T15:41:16","guid":{"rendered":"https:\/\/somdepapo.com.br\/?p=21139"},"modified":"2019-11-22T13:41:16","modified_gmt":"2019-11-22T15:41:16","slug":"vamos-preparar-um-escondidinho-pros-turistas","status":"publish","type":"post","link":"https:\/\/somdepapo.com.br\/portal\/vamos-preparar-um-escondidinho-pros-turistas\/","title":{"rendered":"Vamos preparar um Escondidinho pros turistas"},"content":{"rendered":"<p style=\"text-align: right;\">Por Floriano Silva<\/p>\n<p style=\"text-align: justify;\">Ol\u00e1,Caros amigos, essa semana vamos fazer um escondidinho de carne seca, \u00e9 um prato t\u00edpico nordestino de dar \u00e1gua na boca.<\/p>\n<p style=\"text-align: justify;\">Passo a passo:<br \/>\n02 kg de aipim cozido, depois bate no liquidificador ou processador com um pouco de leite l\u00edquido, o suficiente para ficar cremoso,3 banana da terra cozida e depois bate no liquidificador ou processador com um pouco de leite,e reserva os dois creme separados.<br \/>\nCozinhe carne seca, parte cox\u00e3o, trazaira.<br \/>\nAp\u00f3s cozida voc\u00ea\u00a0 desfia. Agora vamos montar o escondidinho<br \/>\nColoque em um refrat\u00e1rio o pur\u00ea de banana, depois a carne desfiada e depois o creme de aipim, coloque por cima fina camada de queijo coalho ou mussarela, leve ao forno at\u00e9 dar uma leve dourada e sirva-o. Bom apetite!<\/p>\n","protected":false},"excerpt":{"rendered":"<p>Por Floriano Silva Ol\u00e1,Caros amigos, essa semana vamos fazer um escondidinho de carne seca, \u00e9 um prato t\u00edpico nordestino de dar \u00e1gua na boca. Passo a passo: 02 kg de aipim cozido, depois bate no liquidificador ou processador com um pouco de leite l\u00edquido, o suficiente para ficar cremoso,3 banana da terra cozida e depois [&hellip;]<\/p>\n","protected":false},"author":1,"featured_media":21140,"comment_status":"open","ping_status":"open","sticky":false,"template":"","format":"standard","meta":{"ngg_post_thumbnail":0,"footnotes":""},"categories":[2,8,31,41],"tags":[],"class_list":["post-21139","post","type-post","status-publish","format-standard","has-post-thumbnail","hentry","category-destaques","category-gastronomia","category-noticias","category-ultimasnoticias"],"_links":{"self":[{"href":"https:\/\/somdepapo.com.br\/portal\/wp-json\/wp\/v2\/posts\/21139","targetHints":{"allow":["GET"]}}],"collection":[{"href":"https:\/\/somdepapo.com.br\/portal\/wp-json\/wp\/v2\/posts"}],"about":[{"href":"https:\/\/somdepapo.com.br\/portal\/wp-json\/wp\/v2\/types\/post"}],"author":[{"embeddable":true,"href":"https:\/\/somdepapo.com.br\/portal\/wp-json\/wp\/v2\/users\/1"}],"replies":[{"embeddable":true,"href":"https:\/\/somdepapo.com.br\/portal\/wp-json\/wp\/v2\/comments?post=21139"}],"version-history":[{"count":0,"href":"https:\/\/somdepapo.com.br\/portal\/wp-json\/wp\/v2\/posts\/21139\/revisions"}],"wp:featuredmedia":[{"embeddable":true,"href":"https:\/\/somdepapo.com.br\/portal\/wp-json\/wp\/v2\/media\/21140"}],"wp:attachment":[{"href":"https:\/\/somdepapo.com.br\/portal\/wp-json\/wp\/v2\/media?parent=21139"}],"wp:term":[{"taxonomy":"category","embeddable":true,"href":"https:\/\/somdepapo.com.br\/portal\/wp-json\/wp\/v2\/categories?post=21139"},{"taxonomy":"post_tag","embeddable":true,"href":"https:\/\/somdepapo.com.br\/portal\/wp-json\/wp\/v2\/tags?post=21139"}],"curies":[{"name":"wp","href":"https:\/\/api.w.org\/{rel}","templated":true}]}}