{"id":21229,"date":"2019-11-29T18:52:07","date_gmt":"2019-11-29T20:52:07","guid":{"rendered":"https:\/\/somdepapo.com.br\/?p=21229"},"modified":"2019-11-29T18:52:07","modified_gmt":"2019-11-29T20:52:07","slug":"4-de-dezembro-tem-omi-aye-no-teatro-sesi-rio-vermelho","status":"publish","type":"post","link":"https:\/\/somdepapo.com.br\/portal\/4-de-dezembro-tem-omi-aye-no-teatro-sesi-rio-vermelho\/","title":{"rendered":"4 de dezembro tem OMI AY\u00c9 no Teatro Sesi Rio Vermelho"},"content":{"rendered":"<p style=\"text-align: justify;\">Omi Ay\u00e9 \u00e9 uma homenagem as nossas \u00e1guas. Em sintonia com as \u00e1guas da terra. Omi Aiy\u00ea surge entre nascentes, rios e mares.<br \/>\nFonte da vida no planeta e um dos elementos mais preciosos, as \u00e1guas est\u00e3o sendo amea\u00e7adas pelo pr\u00f3prio ser humano.<br \/>\nO espet\u00e1culo Omi Ay\u00e9 \u00e9 resultado das oficinas de canto perform\u00e1tico do grupo<br \/>\nTangerina e traz can\u00e7\u00f5es e textos que falam das \u00e1guas e de nossas rela\u00e7\u00f5es com ela.<br \/>\nM\u00fasicas de Caymmi e cia s\u00e3o executadas com arranjos para coro e solos entre cenas e poesias.<br \/>\nFicha t\u00e9cnica<br \/>\nDire\u00e7\u00e3o: Marcelo Jardim<br \/>\nRoteiro: Marcelo Jardim<br \/>\nAssist\u00eancia C\u00eanica e Prepara\u00e7\u00e3o de corporal : Agnaldo Fonseca<br \/>\nColaboradora na prepara\u00e7\u00e3o Corporal: Sheila Cabral<br \/>\nIlumina\u00e7\u00e3o: Nando Zambia<br \/>\nViol\u00e3o: Kleber Aguiar<br \/>\nPercuss\u00e3o: Silvio Cardoso<br \/>\nElenco:<br \/>\nAnativo, Brenda Bocaccio, Dirceu Factum, Fabiana Brito, Jo\u00e3o Pedro Matos, GiovanaDantas, Nanda Lisboa, Lilian Carneiro, Liz Cachoeira, Matheus Frota, Pauline Leite,Ronaldo Magalhaes<br \/>\nFoto e design gr\u00e1fico: Deo Ara\u00fajo<br \/>\nProdu\u00e7\u00e3o: Pauline Leite<br \/>\nEspet\u00e1culo Omi Ay\u00e9<br \/>\nQuarta-feira<br \/>\nDia: 04 de dezembro<br \/>\nHor\u00e1rio: \u00e0s 20h<br \/>\nLocal: Teatro Sesi Rio Vermelho.<br \/>\nVenha mergulhar conosco nesse espet\u00e1culo<\/p>\n","protected":false},"excerpt":{"rendered":"<p>Omi Ay\u00e9 \u00e9 uma homenagem as nossas \u00e1guas. Em sintonia com as \u00e1guas da terra. Omi Aiy\u00ea surge entre nascentes, rios e mares. Fonte da vida no planeta e um dos elementos mais preciosos, as \u00e1guas est\u00e3o sendo amea\u00e7adas pelo pr\u00f3prio ser humano. O espet\u00e1culo Omi Ay\u00e9 \u00e9 resultado das oficinas de canto perform\u00e1tico do [&hellip;]<\/p>\n","protected":false},"author":1,"featured_media":21230,"comment_status":"open","ping_status":"open","sticky":false,"template":"","format":"standard","meta":{"ngg_post_thumbnail":0,"footnotes":""},"categories":[14,2,4,31,9,41],"tags":[],"class_list":["post-21229","post","type-post","status-publish","format-standard","has-post-thumbnail","hentry","category-arte-e-literatura","category-destaques","category-eventos","category-noticias","category-teatro","category-ultimasnoticias"],"_links":{"self":[{"href":"https:\/\/somdepapo.com.br\/portal\/wp-json\/wp\/v2\/posts\/21229","targetHints":{"allow":["GET"]}}],"collection":[{"href":"https:\/\/somdepapo.com.br\/portal\/wp-json\/wp\/v2\/posts"}],"about":[{"href":"https:\/\/somdepapo.com.br\/portal\/wp-json\/wp\/v2\/types\/post"}],"author":[{"embeddable":true,"href":"https:\/\/somdepapo.com.br\/portal\/wp-json\/wp\/v2\/users\/1"}],"replies":[{"embeddable":true,"href":"https:\/\/somdepapo.com.br\/portal\/wp-json\/wp\/v2\/comments?post=21229"}],"version-history":[{"count":0,"href":"https:\/\/somdepapo.com.br\/portal\/wp-json\/wp\/v2\/posts\/21229\/revisions"}],"wp:featuredmedia":[{"embeddable":true,"href":"https:\/\/somdepapo.com.br\/portal\/wp-json\/wp\/v2\/media\/21230"}],"wp:attachment":[{"href":"https:\/\/somdepapo.com.br\/portal\/wp-json\/wp\/v2\/media?parent=21229"}],"wp:term":[{"taxonomy":"category","embeddable":true,"href":"https:\/\/somdepapo.com.br\/portal\/wp-json\/wp\/v2\/categories?post=21229"},{"taxonomy":"post_tag","embeddable":true,"href":"https:\/\/somdepapo.com.br\/portal\/wp-json\/wp\/v2\/tags?post=21229"}],"curies":[{"name":"wp","href":"https:\/\/api.w.org\/{rel}","templated":true}]}}