{"id":21274,"date":"2019-12-02T13:07:10","date_gmt":"2019-12-02T15:07:10","guid":{"rendered":"https:\/\/somdepapo.com.br\/?p=21274"},"modified":"2019-12-02T13:07:10","modified_gmt":"2019-12-02T15:07:10","slug":"iluminacaovalorizando-a-decoracao-e-ambientes","status":"publish","type":"post","link":"https:\/\/somdepapo.com.br\/portal\/iluminacaovalorizando-a-decoracao-e-ambientes\/","title":{"rendered":"Ilumina\u00e7\u00e3o:valorizando a decora\u00e7\u00e3o e ambientes"},"content":{"rendered":"<p style=\"text-align: right;\">Por Madalice Moura<\/p>\n<p style=\"text-align: justify;\">\nFinal de ano chegando \u00e9 sempre uma boa oportunidade para fazer aquela reforma ou modernizar sua resid\u00eancia, empresa ou simplesmente um determinado espa\u00e7o ou ambiente. E quando se trata de deixar o ambiente aconchegante com energia renovada e boas vibra\u00e7\u00f5es, sempre contamos com a ajuda de um bom projeto de ilumina\u00e7\u00e3o com lustres,lumin\u00e1rias adequadas a cada ambiente.<\/p>\n<p><img fetchpriority=\"high\" decoding=\"async\" class=\"alignnone size-medium wp-image-21276\" src=\"https:\/\/somdepapo.com.br\/wp-content\/uploads\/2019\/12\/iluminacao-2-300x300.jpg\" alt=\"\" width=\"300\" height=\"300\" \/><\/p>\n<p style=\"text-align: justify;\">As op\u00e7\u00f5es s\u00e3o in\u00fameras, estive visitando algumas lojas e na Light Center do Caminho das Arvores, encontrei pendentes, lumin\u00e1rias e lustres incr\u00edveis para iluminar o ambiente e trazer uma verdadeira transforma\u00e7\u00e3o no seu espa\u00e7o.<br \/>\nA lumin\u00e1ria de LED \u00e9 uma tend\u00eancia tornado sua decora\u00e7\u00e3o moderna e econ\u00f4mica. S\u00e3o mais sustent\u00e1veis e econ\u00f4micas. Ali\u00e1s, a sustentabilidade tem sido muito debatida nos dias atuais e na decora\u00e7\u00e3o tamb\u00e9m estamos encontrando objetos pr\u00e1ticos, econ\u00f4micos, moderno e sustent\u00e1vel que comp\u00f5e os projetos de decora\u00e7\u00e3o.<\/p>\n<p style=\"text-align: justify;\"><img decoding=\"async\" class=\"alignnone size-medium wp-image-21277\" src=\"https:\/\/somdepapo.com.br\/wp-content\/uploads\/2019\/12\/iluminacai-1-300x300.jpg\" alt=\"\" width=\"300\" height=\"300\" \/><br \/>\nOs pendentes, s\u00e3o pe\u00e7as que apresentam em sua estrutura fios mais alongados deixando a ilumina\u00e7\u00e3o mais pr\u00f3xima dos pontos que necessitam de Luz. Encontramos os lustres pendentes modernos em v\u00e1rios modelos de diferentes formas, texturas, cores e formatos. tamb\u00e9m utilizado como pe\u00e7a de decora\u00e7\u00e3o, principalmente na sala de estar.<br \/>\nO pendente aramado \u00e9 ideal para compor a decora\u00e7\u00e3o de ambientes que seguem o estilo contempor\u00e2neo, minimalista ou industrial.<br \/>\nOs lustres desempenham um papel importante no desing do ambiente, podendo contribuir e destacar o estilo da decora\u00e7\u00e3o. Os lustres de cristal segue um estilo mais cl\u00e1ssico e deixa sua decora\u00e7\u00e3o mais sofisticada e elegante.<br \/>\nQuando se cria um ambiente minimalista, \u00e9 necess\u00e1rio dar aten\u00e7\u00e3o \u00e0s lumin\u00e1rias. Elas podem dar efeito, criando cen\u00e1rios e personalidade ao seu projeto. Decora\u00e7\u00e3o minimalista aposta em artefatos vers\u00e1teis e multifuncionais para substituir os excessos.<br \/>\nAs cores tamb\u00e9m influenciam na ilumina\u00e7\u00e3o. Os tons de cores das l\u00e2mpadas quando contrastados podem causar uma experi\u00eancia diferenciada. Na hora de repaginar o ambiente \u00e9 poss\u00edvel investir nas cores para transmitir sensa\u00e7\u00f5es de alegria, vivacidade, energia, tranquilidade, requinte, sofistica\u00e7\u00e3o entre outros.<br \/>\nCores que est\u00e3o sendo muito utilizadas s\u00e3o o rosa queimado com cinza, neo mint, laranja, tons terrosos, azuis em nuances variadas, verde oliva. N\u00e3o existe regra definida para o uso da cor, o importante \u00e9 tornar o ambiente harm\u00f4nico, aconchegante e agrad\u00e1vel \u00e0 proposta que tenha em seu projeto.<br \/>\nA ilumina\u00e7\u00e3o sendo um dos principais pilares na decora\u00e7\u00e3o, pode transformar o ambiente, deixando-os mais aconchegantes.<br \/>\nFonte: Imagem Light Center Luz e Design\/Caminho das Arvores\/SSA<\/p>\n","protected":false},"excerpt":{"rendered":"<p>Por Madalice Moura Final de ano chegando \u00e9 sempre uma boa oportunidade para fazer aquela reforma ou modernizar sua resid\u00eancia, empresa ou simplesmente um determinado espa\u00e7o ou ambiente. E quando se trata de deixar o ambiente aconchegante com energia renovada e boas vibra\u00e7\u00f5es, sempre contamos com a ajuda de um bom projeto de ilumina\u00e7\u00e3o com [&hellip;]<\/p>\n","protected":false},"author":1,"featured_media":21275,"comment_status":"open","ping_status":"open","sticky":false,"template":"","format":"standard","meta":{"ngg_post_thumbnail":0,"footnotes":""},"categories":[2,31,36,41],"tags":[],"class_list":["post-21274","post","type-post","status-publish","format-standard","has-post-thumbnail","hentry","category-destaques","category-noticias","category-positividade","category-ultimasnoticias"],"_links":{"self":[{"href":"https:\/\/somdepapo.com.br\/portal\/wp-json\/wp\/v2\/posts\/21274","targetHints":{"allow":["GET"]}}],"collection":[{"href":"https:\/\/somdepapo.com.br\/portal\/wp-json\/wp\/v2\/posts"}],"about":[{"href":"https:\/\/somdepapo.com.br\/portal\/wp-json\/wp\/v2\/types\/post"}],"author":[{"embeddable":true,"href":"https:\/\/somdepapo.com.br\/portal\/wp-json\/wp\/v2\/users\/1"}],"replies":[{"embeddable":true,"href":"https:\/\/somdepapo.com.br\/portal\/wp-json\/wp\/v2\/comments?post=21274"}],"version-history":[{"count":0,"href":"https:\/\/somdepapo.com.br\/portal\/wp-json\/wp\/v2\/posts\/21274\/revisions"}],"wp:featuredmedia":[{"embeddable":true,"href":"https:\/\/somdepapo.com.br\/portal\/wp-json\/"}],"wp:attachment":[{"href":"https:\/\/somdepapo.com.br\/portal\/wp-json\/wp\/v2\/media?parent=21274"}],"wp:term":[{"taxonomy":"category","embeddable":true,"href":"https:\/\/somdepapo.com.br\/portal\/wp-json\/wp\/v2\/categories?post=21274"},{"taxonomy":"post_tag","embeddable":true,"href":"https:\/\/somdepapo.com.br\/portal\/wp-json\/wp\/v2\/tags?post=21274"}],"curies":[{"name":"wp","href":"https:\/\/api.w.org\/{rel}","templated":true}]}}