{"id":23039,"date":"2020-06-12T08:25:04","date_gmt":"2020-06-12T11:25:04","guid":{"rendered":"https:\/\/somdepapo.com.br\/?p=23039"},"modified":"2020-06-12T08:25:04","modified_gmt":"2020-06-12T11:25:04","slug":"sugestoes-pro-almoco-ou-jantar-no-dia-dos-namorados","status":"publish","type":"post","link":"https:\/\/somdepapo.com.br\/portal\/sugestoes-pro-almoco-ou-jantar-no-dia-dos-namorados\/","title":{"rendered":"Sugest\u00f5es pro almo\u00e7o ou jantar no Dia dos Namorados"},"content":{"rendered":"<p style=\"text-align: right;\">Por Chef Jean Carlos Spiess*<\/p>\n<p style=\"text-align: justify;\">Se voc\u00ea quer surpreender seu amor neste dia 12 de junho, mas n\u00e3o quer ter muito trabalho, aqui vai um card\u00e1pio super descomplicado de fazer e de comer rezando. Vamos come\u00e7ar com essa entrada easy e linda, Tians de tomate com mozarela de b\u00fafala e molho pesto, o prato principal \u00e9 uma massa com um recheio apaixonante, Tortiglione recheado com gorgonzola e nozes ao molho de damascos. Para finalizar esse menu maravilhosamente rom\u00e2ntico, um brownie caprichado no doce de leite! Certeza que voc\u00ea conquista seu par depois disso.<\/p>\n<p>Tians de Tomate<br \/>\nIngredientes<br \/>\n2 tomates cortados em 3 rodelas iguais<br \/>\n200g de mozarela de b\u00fafala<\/p>\n<p>Para o molho:<br \/>\n50 g castanhade caju<br \/>\n200 ml de azeite extra-virgem<br \/>\n01 ma\u00e7o de manjeric\u00e3o, e alho se quiser<\/p>\n<p style=\"text-align: justify;\">Modo de preparo:<br \/>\nProcesse as castanhas adicionando o azeite e depois o manjeric\u00e3o.<br \/>\nMonte seu tians. Comece com o molho e v\u00e1 alternando as camadas at\u00e9 finalizar. Acrescente umas folhas de manjeric\u00e3o.<\/p>\n<p><img fetchpriority=\"high\" decoding=\"async\" class=\"alignnone size-medium wp-image-23040\" src=\"https:\/\/somdepapo.com.br\/wp-content\/uploads\/2020\/06\/Tians-de-Tomate-1-300x300.jpeg\" alt=\"\" width=\"300\" height=\"300\" srcset=\"https:\/\/somdepapo.com.br\/portal\/wp-content\/uploads\/2020\/06\/Tians-de-Tomate-1-300x300.jpeg 300w, https:\/\/somdepapo.com.br\/portal\/wp-content\/uploads\/2020\/06\/Tians-de-Tomate-1-150x150.jpeg 150w, https:\/\/somdepapo.com.br\/portal\/wp-content\/uploads\/2020\/06\/Tians-de-Tomate-1-768x767.jpeg 768w, https:\/\/somdepapo.com.br\/portal\/wp-content\/uploads\/2020\/06\/Tians-de-Tomate-1-696x695.jpeg 696w, https:\/\/somdepapo.com.br\/portal\/wp-content\/uploads\/2020\/06\/Tians-de-Tomate-1-421x420.jpeg 421w, https:\/\/somdepapo.com.br\/portal\/wp-content\/uploads\/2020\/06\/Tians-de-Tomate-1.jpeg 1024w\" sizes=\"(max-width: 300px) 100vw, 300px\" \/><\/p>\n<p>Fonte: www.instagram.com\/p\/Bj2WIKRlE3F\/<\/p>\n<p style=\"text-align: justify;\">Tortiglione recheado com gorgonzola e nozes ao molho de damascos<br \/>\nIngredientes<br \/>\n10 unidade tortiglione<\/p>\n<p>Modo de preparo:<br \/>\nCozinhe conforme instru\u00e7\u00f5es da embalagem.<\/p>\n<p>Para o pat\u00ea de gorgonzola<br \/>\n200 g gorgonzola<br \/>\n100 ml de creme de leite<br \/>\n100 g de nozes<br \/>\nQb pimenta branca<\/p>\n<p style=\"text-align: justify;\">Modo de preparo:<br \/>\nProcesse todos os ingredientes no processador.<br \/>\nDepois, basta rechear o tortiglione com saco de confeiteiro.<\/p>\n<p>Para Molho de damasco<br \/>\nIngredientes<br \/>\n100 g de damasco<br \/>\n20 g de cebola em brunoise<br \/>\n10 g de manteiga<br \/>\n100ml vinho de vinho<br \/>\n120g manteiga<\/p>\n<p style=\"text-align: justify;\">Modo de preparo:<br \/>\nFerva durante 5 minutos at\u00e9 que o damasco fique macio e corte em cubos e refogue a cebola, acrescente os damascos e adicione o vinho branco e deixe reduzir (evaporar). Desligue o fogo e adicione a manteiga em cubinhos sem sal. Ajuste com sal e pimenta branca.\u00a0 Coloque algumas nozes e folhas de manjeric\u00e3o para enfeitar.<\/p>\n<p><img decoding=\"async\" class=\"alignnone size-medium wp-image-23041\" src=\"https:\/\/somdepapo.com.br\/wp-content\/uploads\/2020\/06\/Tortiglione-1-300x300.jpeg\" alt=\"\" width=\"300\" height=\"300\" srcset=\"https:\/\/somdepapo.com.br\/portal\/wp-content\/uploads\/2020\/06\/Tortiglione-1-300x300.jpeg 300w, https:\/\/somdepapo.com.br\/portal\/wp-content\/uploads\/2020\/06\/Tortiglione-1-150x150.jpeg 150w, https:\/\/somdepapo.com.br\/portal\/wp-content\/uploads\/2020\/06\/Tortiglione-1-768x766.jpeg 768w, https:\/\/somdepapo.com.br\/portal\/wp-content\/uploads\/2020\/06\/Tortiglione-1-696x694.jpeg 696w, https:\/\/somdepapo.com.br\/portal\/wp-content\/uploads\/2020\/06\/Tortiglione-1-421x420.jpeg 421w, https:\/\/somdepapo.com.br\/portal\/wp-content\/uploads\/2020\/06\/Tortiglione-1.jpeg 1024w\" sizes=\"(max-width: 300px) 100vw, 300px\" \/><\/p>\n<p>Fonte:www.instagram.com\/p\/Bj2z1lhlh4-\/<\/p>\n<p>Brownie doce de leite<br \/>\nIngredientes<br \/>\n2 und ovos<br \/>\n125g de manteiga<br \/>\n45g de chocolate em p\u00f3<br \/>\n250g de a\u00e7\u00facar<br \/>\n60g de farinha de trigo com fermento<br \/>\n90 g de castanha de caju<br \/>\n200g doce de leite para o recheio<\/p>\n<p style=\"text-align: justify;\">Modo de preparo:<br \/>\nDerreta a manteiga e acrescente o chocolate em p\u00f3. Reserve. Na batedeira, bata os ovos, acrescente o a\u00e7\u00facar e bata bem. Desligue. Acrescente aos ovos a mistura de manteiga e aos poucos o trigo peneirado com fermento. Por \u00faltimo, as castanhas picadas. Leve ao forno por 30 a 35 minutos a 180\u00b0.<br \/>\nCorte o brownie em ret\u00e2ngulo e acrescente doce de leite nas camadas.<\/p>\n<p><img decoding=\"async\" class=\"alignnone size-medium wp-image-23042\" src=\"https:\/\/somdepapo.com.br\/wp-content\/uploads\/2020\/06\/Brownie-1-300x300.jpeg\" alt=\"\" width=\"300\" height=\"300\" srcset=\"https:\/\/somdepapo.com.br\/portal\/wp-content\/uploads\/2020\/06\/Brownie-1-300x300.jpeg 300w, https:\/\/somdepapo.com.br\/portal\/wp-content\/uploads\/2020\/06\/Brownie-1-150x150.jpeg 150w, https:\/\/somdepapo.com.br\/portal\/wp-content\/uploads\/2020\/06\/Brownie-1-768x765.jpeg 768w, https:\/\/somdepapo.com.br\/portal\/wp-content\/uploads\/2020\/06\/Brownie-1-696x693.jpeg 696w, https:\/\/somdepapo.com.br\/portal\/wp-content\/uploads\/2020\/06\/Brownie-1-422x420.jpeg 422w, https:\/\/somdepapo.com.br\/portal\/wp-content\/uploads\/2020\/06\/Brownie-1.jpeg 1024w\" sizes=\"(max-width: 300px) 100vw, 300px\" \/><\/p>\n<p>Fonte:www.instagram.com\/p\/Bj3MkadFJ9E\/<\/p>\n<p>&nbsp;<\/p>\n<p>Fonta da capa: br.freepik.com<\/p>\n<p style=\"text-align: justify;\">*Graduado em Gastronomia pela Associa\u00e7\u00e3o Educacional Leonardo da Vinci (ASSELVI) em 2005 e especializado em Padr\u00f5es de Qualidade na Produ\u00e7\u00e3o e Servi\u00e7os na Universidade do Vale do Itaja\u00ed (UNIVALI), o chef Jean Carlos Spiess tem vasta experi\u00eancia na \u00e1rea acad\u00eamica. Desde 2011, ministra aulas na Universidade Est\u00e1cio de S\u00e1 Bahia, mas tamb\u00e9m j\u00e1 fez parte do quadro de docentes do Senac-SC, Senai Blumenau, Senac-BA, Senar-BA, Universidade Salvador (Unifacs) Centro Universit\u00e1rio UniFTC em Vit\u00f3ria da Conquista, e Faculdade Ruy Barbosa. Em 2016, na Fran\u00e7a, o chef agregou conhecimento ao realizar uma viagem de imers\u00e3o gastron\u00f4mica. Participou do curso de Cuisine Regional Fran\u00e7aise na Escola de Cozinha Alain Ducasse e do La Cuisine Du March\u00e9 en Limousin, na Paroles de Chef Pascal. Jean Carlos Spiess tamb\u00e9m prestou consultorias em estabelecimentos na Bahia e demais estados em diversas \u00e1reas, como panifica\u00e7\u00e3o e confeitaria, al\u00e9m de cozinha oriental.<\/p>\n<p style=\"text-align: justify;\">Instagram @chefjeanspiess<\/p>\n","protected":false},"excerpt":{"rendered":"<p>Por Chef Jean Carlos Spiess* Se voc\u00ea quer surpreender seu amor neste dia 12 de junho, mas n\u00e3o quer ter muito trabalho, aqui vai um card\u00e1pio super descomplicado de fazer e de comer rezando. Vamos come\u00e7ar com essa entrada easy e linda, Tians de tomate com mozarela de b\u00fafala e molho pesto, o prato principal [&hellip;]<\/p>\n","protected":false},"author":1,"featured_media":23045,"comment_status":"open","ping_status":"open","sticky":false,"template":"","format":"standard","meta":{"ngg_post_thumbnail":0,"footnotes":""},"categories":[2,8,31,41],"tags":[],"class_list":["post-23039","post","type-post","status-publish","format-standard","has-post-thumbnail","hentry","category-destaques","category-gastronomia","category-noticias","category-ultimasnoticias"],"_links":{"self":[{"href":"https:\/\/somdepapo.com.br\/portal\/wp-json\/wp\/v2\/posts\/23039","targetHints":{"allow":["GET"]}}],"collection":[{"href":"https:\/\/somdepapo.com.br\/portal\/wp-json\/wp\/v2\/posts"}],"about":[{"href":"https:\/\/somdepapo.com.br\/portal\/wp-json\/wp\/v2\/types\/post"}],"author":[{"embeddable":true,"href":"https:\/\/somdepapo.com.br\/portal\/wp-json\/wp\/v2\/users\/1"}],"replies":[{"embeddable":true,"href":"https:\/\/somdepapo.com.br\/portal\/wp-json\/wp\/v2\/comments?post=23039"}],"version-history":[{"count":0,"href":"https:\/\/somdepapo.com.br\/portal\/wp-json\/wp\/v2\/posts\/23039\/revisions"}],"wp:featuredmedia":[{"embeddable":true,"href":"https:\/\/somdepapo.com.br\/portal\/wp-json\/wp\/v2\/media\/23045"}],"wp:attachment":[{"href":"https:\/\/somdepapo.com.br\/portal\/wp-json\/wp\/v2\/media?parent=23039"}],"wp:term":[{"taxonomy":"category","embeddable":true,"href":"https:\/\/somdepapo.com.br\/portal\/wp-json\/wp\/v2\/categories?post=23039"},{"taxonomy":"post_tag","embeddable":true,"href":"https:\/\/somdepapo.com.br\/portal\/wp-json\/wp\/v2\/tags?post=23039"}],"curies":[{"name":"wp","href":"https:\/\/api.w.org\/{rel}","templated":true}]}}