{"id":23053,"date":"2020-06-12T11:01:46","date_gmt":"2020-06-12T14:01:46","guid":{"rendered":"https:\/\/somdepapo.com.br\/?p=23053"},"modified":"2020-06-12T11:01:46","modified_gmt":"2020-06-12T14:01:46","slug":"23053-2","status":"publish","type":"post","link":"https:\/\/somdepapo.com.br\/portal\/23053-2\/","title":{"rendered":"Um toque especial pra surpreender o Amor no Dia dos Namorados"},"content":{"rendered":"<p style=\"text-align: right;\">Por Ton Schmidel<\/p>\n<p style=\"text-align: justify;\">Pra quem tem Personalidade e adora uma Mudan\u00e7a no Visual e Acompanha Tend\u00eancias, j\u00e1 deve ter ouvido falar na \u201cFranja Bardot\u201d !<br \/>\nPesquisei e mergulhei na Hist\u00f3ria sobre essa franja logo que ela comec\u0327ou a ser Super usada no Come\u00e7o de 2019.<br \/>\nA Franja continua sendo um dos Cortes entre os mais pedidos em Sal\u00f5es de Beleza nesse ano de 2020.<br \/>\n<img fetchpriority=\"high\" decoding=\"async\" class=\"alignnone size-medium wp-image-23059\" src=\"https:\/\/somdepapo.com.br\/wp-content\/uploads\/2020\/06\/Screenshot_20200612-110404-1-169x300.jpg\" alt=\"\" width=\"169\" height=\"300\" srcset=\"https:\/\/somdepapo.com.br\/portal\/wp-content\/uploads\/2020\/06\/Screenshot_20200612-110404-1-169x300.jpg 169w, https:\/\/somdepapo.com.br\/portal\/wp-content\/uploads\/2020\/06\/Screenshot_20200612-110404-1-236x420.jpg 236w, https:\/\/somdepapo.com.br\/portal\/wp-content\/uploads\/2020\/06\/Screenshot_20200612-110404-1.jpg 540w\" sizes=\"(max-width: 169px) 100vw, 169px\" \/><br \/>\nVou contar um Pouco sobre o que eu Estudei sobre a Histo\u0301ria dessa franja que e\u0301 \u201cmoderna \u201c, mas que na verdade bombou ja\u0301 nos anos 70 gente .Se\u0301rio ! Vamos la\u0301 \u00e9 Interessante e Voc\u00eas v\u00e3o amar saber um pouco mais &#8230;.<br \/>\n<img decoding=\"async\" class=\"alignnone size-medium wp-image-23058\" src=\"https:\/\/somdepapo.com.br\/wp-content\/uploads\/2020\/06\/Screenshot_20200612-110447-1-169x300.jpg\" alt=\"\" width=\"169\" height=\"300\" srcset=\"https:\/\/somdepapo.com.br\/portal\/wp-content\/uploads\/2020\/06\/Screenshot_20200612-110447-1-169x300.jpg 169w, https:\/\/somdepapo.com.br\/portal\/wp-content\/uploads\/2020\/06\/Screenshot_20200612-110447-1-236x420.jpg 236w, https:\/\/somdepapo.com.br\/portal\/wp-content\/uploads\/2020\/06\/Screenshot_20200612-110447-1.jpg 540w\" sizes=\"(max-width: 169px) 100vw, 169px\" \/><br \/>\nEssa franja ficou marcada por ser usada por Brigitte Bardot nos anos 1970. Mas , Quem foi essa Mulher pra fazer a Franja Ficar Famosa voc\u00ea deve estar se perguntando n\u00e9 ?<br \/>\nEnt\u00e3o;<br \/>\nBrigitte Anne-Marie Bardot Foi uma atriz Ativista Francesa, que iniciou sua carreira arti\u0301stica como Cantora e modelo, ficou conhecida por suas iniciais BB, e foi considerada um dos maiores si\u0301mbolos sexuais dos anos 50 aos anos 70 .<br \/>\n<img decoding=\"async\" class=\"alignnone size-medium wp-image-23060\" src=\"https:\/\/somdepapo.com.br\/wp-content\/uploads\/2020\/06\/Screenshot_20200612-110505-1-169x300.jpg\" alt=\"\" width=\"169\" height=\"300\" srcset=\"https:\/\/somdepapo.com.br\/portal\/wp-content\/uploads\/2020\/06\/Screenshot_20200612-110505-1-169x300.jpg 169w, https:\/\/somdepapo.com.br\/portal\/wp-content\/uploads\/2020\/06\/Screenshot_20200612-110505-1-236x420.jpg 236w, https:\/\/somdepapo.com.br\/portal\/wp-content\/uploads\/2020\/06\/Screenshot_20200612-110505-1.jpg 540w\" sizes=\"(max-width: 169px) 100vw, 169px\" \/><br \/>\nE dai\u0301 surgiu o Nome da Franja que na E\u0301poca ela aderiu e Come\u00e7ou a usar , Lan\u00e7ando essa Tend\u00eancia naquela \u00c9poca e ent\u00e3o deu se o nome de \u201cFranja Bardot\u201d ( Bardot seu sobrenome )<br \/>\n<img loading=\"lazy\" decoding=\"async\" class=\"alignnone size-medium wp-image-23057\" src=\"https:\/\/somdepapo.com.br\/wp-content\/uploads\/2020\/06\/Screenshot_20200612-110413-1-169x300.jpg\" alt=\"\" width=\"169\" height=\"300\" srcset=\"https:\/\/somdepapo.com.br\/portal\/wp-content\/uploads\/2020\/06\/Screenshot_20200612-110413-1-169x300.jpg 169w, https:\/\/somdepapo.com.br\/portal\/wp-content\/uploads\/2020\/06\/Screenshot_20200612-110413-1-236x420.jpg 236w, https:\/\/somdepapo.com.br\/portal\/wp-content\/uploads\/2020\/06\/Screenshot_20200612-110413-1.jpg 540w\" sizes=\"(max-width: 169px) 100vw, 169px\" \/><br \/>\nO sucesso da Franja que a Brigitte Bardot aderiu veio gente devido ao fato de ser uma franja versa\u0301til, podendo ser usada de va\u0301rias maneiras, como de lado ou para tra\u0301s. \u201cO legal desta franja e\u0301 que quanto mais voce\u0302 mexe nela, mais legal fica, Na\u0303o precisa ficar super alinhada e arrumada\u201d.<br \/>\nSe voce\u0302 busca mudar o visual com um toque moderno, pra\u0301tico e charmoso e F\u00e1cil de Manter, a Franja Bardot e\u0301 uma boa Aposta para mudar o Visual !<\/p>\n<p>Fontes das imagens: Biografia de Brigitte Bardot<\/p>\n","protected":false},"excerpt":{"rendered":"<p>Por Ton Schmidel Pra quem tem Personalidade e adora uma Mudan\u00e7a no Visual e Acompanha Tend\u00eancias, j\u00e1 deve ter ouvido falar na \u201cFranja Bardot\u201d ! Pesquisei e mergulhei na Hist\u00f3ria sobre essa franja logo que ela comec\u0327ou a ser Super usada no Come\u00e7o de 2019. A Franja continua sendo um dos Cortes entre os mais [&hellip;]<\/p>\n","protected":false},"author":1,"featured_media":23054,"comment_status":"open","ping_status":"open","sticky":false,"template":"","format":"standard","meta":{"ngg_post_thumbnail":0,"footnotes":""},"categories":[2,32,31,41],"tags":[],"class_list":["post-23053","post","type-post","status-publish","format-standard","has-post-thumbnail","hentry","category-destaques","category-estetica","category-noticias","category-ultimasnoticias"],"_links":{"self":[{"href":"https:\/\/somdepapo.com.br\/portal\/wp-json\/wp\/v2\/posts\/23053","targetHints":{"allow":["GET"]}}],"collection":[{"href":"https:\/\/somdepapo.com.br\/portal\/wp-json\/wp\/v2\/posts"}],"about":[{"href":"https:\/\/somdepapo.com.br\/portal\/wp-json\/wp\/v2\/types\/post"}],"author":[{"embeddable":true,"href":"https:\/\/somdepapo.com.br\/portal\/wp-json\/wp\/v2\/users\/1"}],"replies":[{"embeddable":true,"href":"https:\/\/somdepapo.com.br\/portal\/wp-json\/wp\/v2\/comments?post=23053"}],"version-history":[{"count":0,"href":"https:\/\/somdepapo.com.br\/portal\/wp-json\/wp\/v2\/posts\/23053\/revisions"}],"wp:featuredmedia":[{"embeddable":true,"href":"https:\/\/somdepapo.com.br\/portal\/wp-json\/wp\/v2\/media\/23054"}],"wp:attachment":[{"href":"https:\/\/somdepapo.com.br\/portal\/wp-json\/wp\/v2\/media?parent=23053"}],"wp:term":[{"taxonomy":"category","embeddable":true,"href":"https:\/\/somdepapo.com.br\/portal\/wp-json\/wp\/v2\/categories?post=23053"},{"taxonomy":"post_tag","embeddable":true,"href":"https:\/\/somdepapo.com.br\/portal\/wp-json\/wp\/v2\/tags?post=23053"}],"curies":[{"name":"wp","href":"https:\/\/api.w.org\/{rel}","templated":true}]}}