{"id":23320,"date":"2020-06-20T12:28:29","date_gmt":"2020-06-20T12:28:29","guid":{"rendered":"https:\/\/somdepapo.com.br\/?p=23320"},"modified":"2020-06-20T12:36:44","modified_gmt":"2020-06-20T12:36:44","slug":"trancas-para-voce-arrasar-no-seu-arraia-em-casa","status":"publish","type":"post","link":"https:\/\/somdepapo.com.br\/portal\/trancas-para-voce-arrasar-no-seu-arraia-em-casa\/","title":{"rendered":"Tran\u00e7as para voc\u00ea arrasar no seu Arrai\u00e1 em Casa"},"content":{"rendered":"<p style=\"text-align: right;\">Por Ton Schmidel<\/p>\n<p style=\"text-align: justify;\">TR\u00caS MELHORES OP\u00c7\u00d5ES DE TRAN\u00c7AS PARA VOC\u00ca MESMA FAZER SOZINHA , USAR NA SUA COMEMORA\u00c7\u00c3O JUNINA EM CASA E ARRASAR!<\/p>\n<p style=\"text-align: justify;\">As tran\u00e7as, al\u00e9m de darem um toque especial ao look, s\u00e3o as queridinhas para arrasar durante as festividades de junho. Com diferentes modelos e estilos, s\u00e3o consideradas vers\u00e1teis e uma excelente pedida para fugir do tradicional \u2018maria-chiquinha\u2019, Bora Modernizar esse Arrai\u00e1 Meu Povo &#8230;&#8230;<\/p>\n<p style=\"text-align: justify;\"><img fetchpriority=\"high\" decoding=\"async\" class=\"alignnone size-medium wp-image-23324\" src=\"https:\/\/somdepapo.com.br\/wp-content\/uploads\/2020\/06\/Screenshot_20200620-090957-169x300.jpg\" alt=\"\" width=\"169\" height=\"300\" srcset=\"https:\/\/somdepapo.com.br\/portal\/wp-content\/uploads\/2020\/06\/Screenshot_20200620-090957-169x300.jpg 169w, https:\/\/somdepapo.com.br\/portal\/wp-content\/uploads\/2020\/06\/Screenshot_20200620-090957-236x420.jpg 236w, https:\/\/somdepapo.com.br\/portal\/wp-content\/uploads\/2020\/06\/Screenshot_20200620-090957.jpg 540w\" sizes=\"(max-width: 169px) 100vw, 169px\" \/><br \/>\nIdeal para quem busca o estilo moderninho, esse penteado traz mais volume aos fios. \u201cDivida o cabelo ao meio e pegue 3 mechas. Para montar a tran\u00e7a, basta come\u00e7\u00e1-la por baixo para deix\u00e1-la bem definida\u201d.<\/p>\n<p><img decoding=\"async\" class=\"alignnone size-medium wp-image-23325\" src=\"https:\/\/somdepapo.com.br\/wp-content\/uploads\/2020\/06\/Screenshot_20200620-091010-169x300.jpg\" alt=\"\" width=\"169\" height=\"300\" srcset=\"https:\/\/somdepapo.com.br\/portal\/wp-content\/uploads\/2020\/06\/Screenshot_20200620-091010-169x300.jpg 169w, https:\/\/somdepapo.com.br\/portal\/wp-content\/uploads\/2020\/06\/Screenshot_20200620-091010-236x420.jpg 236w, https:\/\/somdepapo.com.br\/portal\/wp-content\/uploads\/2020\/06\/Screenshot_20200620-091010.jpg 540w\" sizes=\"(max-width: 169px) 100vw, 169px\" \/><\/p>\n<p style=\"text-align: justify;\">O estilo \u2018bagun\u00e7adinho\u2019 \u00e9 tend\u00eancia e causa o efeito casual\/chic. \u201cComece a tran\u00e7a normalmente e quando estiver na metade, puxe os gominhos, deixando a mecha solta. Finalize o look com um fixador de penteado\u201d.<\/p>\n<p style=\"text-align: justify;\"><img decoding=\"async\" class=\"alignnone size-medium wp-image-23326\" src=\"https:\/\/somdepapo.com.br\/wp-content\/uploads\/2020\/06\/Screenshot_20200620-091023-169x300.jpg\" alt=\"\" width=\"169\" height=\"300\" srcset=\"https:\/\/somdepapo.com.br\/portal\/wp-content\/uploads\/2020\/06\/Screenshot_20200620-091023-169x300.jpg 169w, https:\/\/somdepapo.com.br\/portal\/wp-content\/uploads\/2020\/06\/Screenshot_20200620-091023-236x420.jpg 236w, https:\/\/somdepapo.com.br\/portal\/wp-content\/uploads\/2020\/06\/Screenshot_20200620-091023.jpg 540w\" sizes=\"(max-width: 169px) 100vw, 169px\" \/><br \/>\nPara quem \u00e9 adepta aos penteados rom\u00e2nticos, a tran\u00e7a embutida \u00e9 uma excelente op\u00e7\u00e3o. \u201cRecomendo a divis\u00e3o dos fios de maneira lateral, no topo da cabe\u00e7a. V\u00e1 tran\u00e7ando por baixo das mechas da nuca para escond\u00ea-la e trazer mais charme \u00e0 produ\u00e7\u00e3o\u201d.<\/p>\n<p style=\"text-align: justify;\">Bjao Meninas e at\u00e9 semana que vem !<br \/>\nArrasem nas Tran\u00e7as! Quero ver heim \ud83e\udd70<\/p>\n","protected":false},"excerpt":{"rendered":"<p>Por Ton Schmidel TR\u00caS MELHORES OP\u00c7\u00d5ES DE TRAN\u00c7AS PARA VOC\u00ca MESMA FAZER SOZINHA , USAR NA SUA COMEMORA\u00c7\u00c3O JUNINA EM CASA E ARRASAR! As tran\u00e7as, al\u00e9m de darem um toque especial ao look, s\u00e3o as queridinhas para arrasar durante as festividades de junho. Com diferentes modelos e estilos, s\u00e3o consideradas vers\u00e1teis e uma excelente pedida [&hellip;]<\/p>\n","protected":false},"author":1,"featured_media":23321,"comment_status":"open","ping_status":"open","sticky":false,"template":"","format":"standard","meta":{"ngg_post_thumbnail":0,"footnotes":""},"categories":[2,32,31,41],"tags":[],"class_list":["post-23320","post","type-post","status-publish","format-standard","has-post-thumbnail","hentry","category-destaques","category-estetica","category-noticias","category-ultimasnoticias"],"_links":{"self":[{"href":"https:\/\/somdepapo.com.br\/portal\/wp-json\/wp\/v2\/posts\/23320","targetHints":{"allow":["GET"]}}],"collection":[{"href":"https:\/\/somdepapo.com.br\/portal\/wp-json\/wp\/v2\/posts"}],"about":[{"href":"https:\/\/somdepapo.com.br\/portal\/wp-json\/wp\/v2\/types\/post"}],"author":[{"embeddable":true,"href":"https:\/\/somdepapo.com.br\/portal\/wp-json\/wp\/v2\/users\/1"}],"replies":[{"embeddable":true,"href":"https:\/\/somdepapo.com.br\/portal\/wp-json\/wp\/v2\/comments?post=23320"}],"version-history":[{"count":4,"href":"https:\/\/somdepapo.com.br\/portal\/wp-json\/wp\/v2\/posts\/23320\/revisions"}],"predecessor-version":[{"id":23328,"href":"https:\/\/somdepapo.com.br\/portal\/wp-json\/wp\/v2\/posts\/23320\/revisions\/23328"}],"wp:featuredmedia":[{"embeddable":true,"href":"https:\/\/somdepapo.com.br\/portal\/wp-json\/wp\/v2\/media\/23321"}],"wp:attachment":[{"href":"https:\/\/somdepapo.com.br\/portal\/wp-json\/wp\/v2\/media?parent=23320"}],"wp:term":[{"taxonomy":"category","embeddable":true,"href":"https:\/\/somdepapo.com.br\/portal\/wp-json\/wp\/v2\/categories?post=23320"},{"taxonomy":"post_tag","embeddable":true,"href":"https:\/\/somdepapo.com.br\/portal\/wp-json\/wp\/v2\/tags?post=23320"}],"curies":[{"name":"wp","href":"https:\/\/api.w.org\/{rel}","templated":true}]}}