{"id":23461,"date":"2020-07-10T11:59:26","date_gmt":"2020-07-10T11:59:26","guid":{"rendered":"https:\/\/somdepapo.com.br\/?p=23461"},"modified":"2020-07-10T11:59:26","modified_gmt":"2020-07-10T11:59:26","slug":"as-proteses-capilares-estao-se-tornando-uma-boa-opcao-para-contornar-problemas-de-calvicie","status":"publish","type":"post","link":"https:\/\/somdepapo.com.br\/portal\/as-proteses-capilares-estao-se-tornando-uma-boa-opcao-para-contornar-problemas-de-calvicie\/","title":{"rendered":"As pr\u00f3teses capilares est\u00e3o se tornando uma boa op\u00e7\u00e3o para contornar problemas de calv\u00edcie"},"content":{"rendered":"<p style=\"text-align: right;\">Por Jorge Santana<\/p>\n<p style=\"text-align: justify;\">Quando o assunto \u00e9 calv\u00edcie, muitas pessoas sofrem um choque na autoestima. Principalmente por parte dos homens, a queda de cabelo \u00e9 algo que machuca o ego e a confian\u00e7a. Esse \u00e9 um problema que atinge 40% dos homens antes mesmo dos 35 anos, segundo a Sociedade Internacional de Cirurgia de Restaura\u00e7\u00e3o de Cabelo. Ainda segundo a Sociedade, 25% das mulheres brasileiras entre 35 e 40 anos e 50% das mulheres que possuem idade acima dos 40 anos sofrem com algum grau de calv\u00edcie.<\/p>\n<p><img fetchpriority=\"high\" decoding=\"async\" class=\"alignnone size-full wp-image-23463\" src=\"https:\/\/somdepapo.com.br\/wp-content\/uploads\/2020\/07\/IMG-20200709-WA0006.jpg\" alt=\"\" width=\"1280\" height=\"1280\" srcset=\"https:\/\/somdepapo.com.br\/portal\/wp-content\/uploads\/2020\/07\/IMG-20200709-WA0006.jpg 1280w, https:\/\/somdepapo.com.br\/portal\/wp-content\/uploads\/2020\/07\/IMG-20200709-WA0006-300x300.jpg 300w, https:\/\/somdepapo.com.br\/portal\/wp-content\/uploads\/2020\/07\/IMG-20200709-WA0006-1024x1024.jpg 1024w, https:\/\/somdepapo.com.br\/portal\/wp-content\/uploads\/2020\/07\/IMG-20200709-WA0006-150x150.jpg 150w, https:\/\/somdepapo.com.br\/portal\/wp-content\/uploads\/2020\/07\/IMG-20200709-WA0006-768x768.jpg 768w, https:\/\/somdepapo.com.br\/portal\/wp-content\/uploads\/2020\/07\/IMG-20200709-WA0006-696x696.jpg 696w, https:\/\/somdepapo.com.br\/portal\/wp-content\/uploads\/2020\/07\/IMG-20200709-WA0006-1068x1068.jpg 1068w, https:\/\/somdepapo.com.br\/portal\/wp-content\/uploads\/2020\/07\/IMG-20200709-WA0006-420x420.jpg 420w\" sizes=\"(max-width: 1280px) 100vw, 1280px\" \/><\/p>\n<p style=\"text-align: justify;\">Uma das maneiras que vem se provando mais eficiente para contornar a calv\u00edcie \u00e9 a pr\u00f3tese capilar. Com efeito imediato, resultado prolongado e custo mais acess\u00edvel que o transplante capilar cir\u00fargico, \u00e9 uma boa alternativa para m\u00e9dio ou longo prazo. Existem v\u00e1rios modelos de pr\u00f3teses masculinas e femininas que oferecem uma apar\u00eancia muito natural e satisfat\u00f3ria.<\/p>\n<p style=\"text-align: justify;\">O studio j salvador oferece esse tipo de servi\u00e7o com muita qualidade. Localizada na pituba , eles s\u00e3o especializados em pr\u00f3teses capilares que proporcionam uma apar\u00eancia natural e renovam a autoestima do cliente. Os profissionais do studio j salvador em especial Jorginho santana s\u00e3o preparados e dominam todas as t\u00e9cnicas e cuidados que devem ser tomados para o bom manuseio das pr\u00f3teses capilares.<\/p>\n<p style=\"text-align: justify;\"><img decoding=\"async\" class=\"alignnone size-full wp-image-23464\" src=\"https:\/\/somdepapo.com.br\/wp-content\/uploads\/2020\/07\/IMG-20200709-WA0007.jpg\" alt=\"\" width=\"800\" height=\"800\" srcset=\"https:\/\/somdepapo.com.br\/portal\/wp-content\/uploads\/2020\/07\/IMG-20200709-WA0007.jpg 800w, https:\/\/somdepapo.com.br\/portal\/wp-content\/uploads\/2020\/07\/IMG-20200709-WA0007-300x300.jpg 300w, https:\/\/somdepapo.com.br\/portal\/wp-content\/uploads\/2020\/07\/IMG-20200709-WA0007-150x150.jpg 150w, https:\/\/somdepapo.com.br\/portal\/wp-content\/uploads\/2020\/07\/IMG-20200709-WA0007-768x768.jpg 768w, https:\/\/somdepapo.com.br\/portal\/wp-content\/uploads\/2020\/07\/IMG-20200709-WA0007-696x696.jpg 696w, https:\/\/somdepapo.com.br\/portal\/wp-content\/uploads\/2020\/07\/IMG-20200709-WA0007-420x420.jpg 420w\" sizes=\"(max-width: 800px) 100vw, 800px\" \/><br \/>\nAs pr\u00f3teses est\u00e3o se tornando mais comum devido a diversas vantagens em rela\u00e7\u00e3o a outros m\u00e9todos, como o processo cir\u00fargico, por exemplo. Algumas dessas vantagens s\u00e3o: resultado imediato, pre\u00e7o menor do que o implante capilar, boa dura\u00e7\u00e3o, n\u00e3o \u00e9 cir\u00fargico, n\u00e3o possui contraindica\u00e7\u00f5es com resultado completamente satisfat\u00f3rio..<\/p>\n<p style=\"text-align: justify;\">As pr\u00f3teses, por\u00e9m, necessitam de um cuidado especial. O usu\u00e1rio dever\u00e1 ir ao Studioj no tempo estipulado pelo profissional para realizar a manuten\u00e7\u00e3o, que \u00e9 formada por um corte de cabelo, hidrata\u00e7\u00e3o e higieniza\u00e7\u00e3o do couro cabeludo e aplica\u00e7\u00e3o de cremes e \u00f3leos.<br \/>\nA Pr\u00f3tese capilar \u00e9, de longe, o mais pr\u00f3ximo de voltar a ter cabelos &#8220;de verdade&#8221;. Os fios naturais que podem ser pintados, cortados e lavados, s\u00e3o o diferencial que est\u00e1 atraindo cada vez mais adeptos a essa forma de superar a calv\u00edcie.<br \/>\nO studio j salvador decidiu investir na qualidade das pr\u00f3teses e no preparo dos profissionais para oferecer excel\u00eancia para o p\u00fablico nas pr\u00f3teses e em diversos outros tipos de servi\u00e7o que um sal\u00e3o de beleza oferece. localizado na rua dos ma\u00e7ons 121 , Multishoping 121 na pituba . Agende uma avalia\u00e7\u00e3o<\/p>\n","protected":false},"excerpt":{"rendered":"<p>Por Jorge Santana Quando o assunto \u00e9 calv\u00edcie, muitas pessoas sofrem um choque na autoestima. Principalmente por parte dos homens, a queda de cabelo \u00e9 algo que machuca o ego e a confian\u00e7a. Esse \u00e9 um problema que atinge 40% dos homens antes mesmo dos 35 anos, segundo a Sociedade Internacional de Cirurgia de Restaura\u00e7\u00e3o [&hellip;]<\/p>\n","protected":false},"author":1,"featured_media":23462,"comment_status":"open","ping_status":"open","sticky":false,"template":"","format":"standard","meta":{"ngg_post_thumbnail":0,"footnotes":""},"categories":[2,32,31,41],"tags":[],"class_list":["post-23461","post","type-post","status-publish","format-standard","has-post-thumbnail","hentry","category-destaques","category-estetica","category-noticias","category-ultimasnoticias"],"_links":{"self":[{"href":"https:\/\/somdepapo.com.br\/portal\/wp-json\/wp\/v2\/posts\/23461","targetHints":{"allow":["GET"]}}],"collection":[{"href":"https:\/\/somdepapo.com.br\/portal\/wp-json\/wp\/v2\/posts"}],"about":[{"href":"https:\/\/somdepapo.com.br\/portal\/wp-json\/wp\/v2\/types\/post"}],"author":[{"embeddable":true,"href":"https:\/\/somdepapo.com.br\/portal\/wp-json\/wp\/v2\/users\/1"}],"replies":[{"embeddable":true,"href":"https:\/\/somdepapo.com.br\/portal\/wp-json\/wp\/v2\/comments?post=23461"}],"version-history":[{"count":1,"href":"https:\/\/somdepapo.com.br\/portal\/wp-json\/wp\/v2\/posts\/23461\/revisions"}],"predecessor-version":[{"id":23465,"href":"https:\/\/somdepapo.com.br\/portal\/wp-json\/wp\/v2\/posts\/23461\/revisions\/23465"}],"wp:featuredmedia":[{"embeddable":true,"href":"https:\/\/somdepapo.com.br\/portal\/wp-json\/wp\/v2\/media\/23462"}],"wp:attachment":[{"href":"https:\/\/somdepapo.com.br\/portal\/wp-json\/wp\/v2\/media?parent=23461"}],"wp:term":[{"taxonomy":"category","embeddable":true,"href":"https:\/\/somdepapo.com.br\/portal\/wp-json\/wp\/v2\/categories?post=23461"},{"taxonomy":"post_tag","embeddable":true,"href":"https:\/\/somdepapo.com.br\/portal\/wp-json\/wp\/v2\/tags?post=23461"}],"curies":[{"name":"wp","href":"https:\/\/api.w.org\/{rel}","templated":true}]}}