{"id":23466,"date":"2020-07-10T16:02:31","date_gmt":"2020-07-10T16:02:31","guid":{"rendered":"https:\/\/somdepapo.com.br\/?p=23466"},"modified":"2020-07-10T16:07:28","modified_gmt":"2020-07-10T16:07:28","slug":"fez-frio-que-tal-um-chocolate-quente","status":"publish","type":"post","link":"https:\/\/somdepapo.com.br\/portal\/fez-frio-que-tal-um-chocolate-quente\/","title":{"rendered":"Fez frio? Que tal um chocolate quente?"},"content":{"rendered":"<p style=\"text-align: right;\">Por Jean Carlos Spiess *<\/p>\n<p style=\"text-align: justify;\">Tem pessoas que amam o inverno e outras nem tanto, mas um chocolate quente n\u00e3o tem quem n\u00e3o goste. Para curtir esse clima chuvoso e friozinho, nada melhor que um chocolate quente, esse receita de hoje super f\u00e1cil, voc\u00ea pode substituir o chocolate 70% por chocolate ao leite.<\/p>\n<p style=\"text-align: justify;\">Chocolate quente<br \/>\nIngredientes<br \/>\n500ml de leite integral<br \/>\n100g chocolate 70% cacau (ou 50% cacau)<br \/>\n1 colher de sopa de cacau em p\u00f3<br \/>\n1 colher de sopa de a\u00e7\u00facar<br \/>\n1 pau de canela (opcional)<\/p>\n<p style=\"text-align: justify;\">Modo de preparo<br \/>\nEm uma panela adicionar o leite com o pau de canela.<br \/>\nQuando o leite come\u00e7ar a ferver, abaixe rapidamente o fogo, retire o pau de canela e adicione chocolate e o cacau em p\u00f3. Mexa com uma colher ou fouet at\u00e9 que dissolva totalmente.<br \/>\nContinue a mexer at\u00e9 que o chocolate quente cremoso tenha a consist\u00eancia de sua prefer\u00eancia. O resultado final deve ser um chocolate quente bem cremoso e brilhante.<br \/>\nExperimente o chocolate quente para checar a do\u00e7ura. Se preferir mais doce, adicione uma colher de ch\u00e1 de a\u00e7\u00facar. N\u00e3o exagere no a\u00e7\u00facar, ou o chocolate quente ficar\u00e1 muito enjoativo.<br \/>\nCoe novamente (opcional) e sirva em em uma x\u00edcara ou caneca.<\/p>\n<p>Fonte da Imagem:<\/p>\n<p>senhoramesa.com.br\/wp-content\/uploads\/2016\/05\/chocolate-quente-senhora-mesa.jpg<\/p>\n<p style=\"text-align: justify;\">*Graduado em Gastronomia pela Associa\u00e7\u00e3o Educacional Leonardo da Vinci (ASSELVI) em 2005 e especializado em Padr\u00f5es de Qualidade na Produ\u00e7\u00e3o e Servi\u00e7os na Universidade do Vale do Itaja\u00ed (UNIVALI), o chef Jean Carlos Spiess tem vasta experi\u00eancia na \u00e1rea acad\u00eamica. Desde 2011, ministra aulas na Universidade Est\u00e1cio de S\u00e1 Bahia, mas tamb\u00e9m j\u00e1 fez parte do quadro de docentes do Senac-SC, Senai Blumenau, Senac-BA, Senar-BA, Universidade Salvador (Unifacs) Centro Universit\u00e1rio UniFTC em Vit\u00f3ria da Conquista, e Faculdade Ruy Barbosa. Em 2016, na Fran\u00e7a, o chef agregou conhecimento ao realizar uma viagem de imers\u00e3o gastron\u00f4mica. Participou do curso de Cuisine Regional Fran\u00e7aise na Escola de Cozinha Alain Ducasse e do La Cuisine Du March\u00e9 en Limousin, na Paroles de Chef Pascal. Jean Carlos Spiess tamb\u00e9m prestou consultorias em estabelecimentos na Bahia e demais estados em diversas \u00e1reas, como panifica\u00e7\u00e3o e confeitaria, al\u00e9m de cozinha oriental.<\/p>\n<p>Instagram @chefjeanspiess<\/p>\n","protected":false},"excerpt":{"rendered":"<p>Por Jean Carlos Spiess * Tem pessoas que amam o inverno e outras nem tanto, mas um chocolate quente n\u00e3o tem quem n\u00e3o goste. Para curtir esse clima chuvoso e friozinho, nada melhor que um chocolate quente, esse receita de hoje super f\u00e1cil, voc\u00ea pode substituir o chocolate 70% por chocolate ao leite. Chocolate quente [&hellip;]<\/p>\n","protected":false},"author":1,"featured_media":23467,"comment_status":"open","ping_status":"open","sticky":false,"template":"","format":"standard","meta":{"ngg_post_thumbnail":0,"footnotes":""},"categories":[2,8,31,41],"tags":[],"class_list":["post-23466","post","type-post","status-publish","format-standard","has-post-thumbnail","hentry","category-destaques","category-gastronomia","category-noticias","category-ultimasnoticias"],"_links":{"self":[{"href":"https:\/\/somdepapo.com.br\/portal\/wp-json\/wp\/v2\/posts\/23466","targetHints":{"allow":["GET"]}}],"collection":[{"href":"https:\/\/somdepapo.com.br\/portal\/wp-json\/wp\/v2\/posts"}],"about":[{"href":"https:\/\/somdepapo.com.br\/portal\/wp-json\/wp\/v2\/types\/post"}],"author":[{"embeddable":true,"href":"https:\/\/somdepapo.com.br\/portal\/wp-json\/wp\/v2\/users\/1"}],"replies":[{"embeddable":true,"href":"https:\/\/somdepapo.com.br\/portal\/wp-json\/wp\/v2\/comments?post=23466"}],"version-history":[{"count":2,"href":"https:\/\/somdepapo.com.br\/portal\/wp-json\/wp\/v2\/posts\/23466\/revisions"}],"predecessor-version":[{"id":23470,"href":"https:\/\/somdepapo.com.br\/portal\/wp-json\/wp\/v2\/posts\/23466\/revisions\/23470"}],"wp:featuredmedia":[{"embeddable":true,"href":"https:\/\/somdepapo.com.br\/portal\/wp-json\/wp\/v2\/media\/23467"}],"wp:attachment":[{"href":"https:\/\/somdepapo.com.br\/portal\/wp-json\/wp\/v2\/media?parent=23466"}],"wp:term":[{"taxonomy":"category","embeddable":true,"href":"https:\/\/somdepapo.com.br\/portal\/wp-json\/wp\/v2\/categories?post=23466"},{"taxonomy":"post_tag","embeddable":true,"href":"https:\/\/somdepapo.com.br\/portal\/wp-json\/wp\/v2\/tags?post=23466"}],"curies":[{"name":"wp","href":"https:\/\/api.w.org\/{rel}","templated":true}]}}