{"id":23561,"date":"2020-07-17T17:08:58","date_gmt":"2020-07-17T17:08:58","guid":{"rendered":"https:\/\/somdepapo.com.br\/?p=23561"},"modified":"2020-07-17T17:09:19","modified_gmt":"2020-07-17T17:09:19","slug":"maquiagem-funcional-em-tempos-de-quarentena","status":"publish","type":"post","link":"https:\/\/somdepapo.com.br\/portal\/maquiagem-funcional-em-tempos-de-quarentena\/","title":{"rendered":"Maquiagem Funcional em tempos de Quarentena"},"content":{"rendered":"<div id=\"m75103109619203478\" class=\"mail-message expanded\">\n<div class=\"mail-message-header spacer\" style=\"text-align: right;\">Por Kal Nascimento<\/div>\n<div class=\"mail-message-content collapsible zoom-normal mail-show-images \">\n<div class=\"clear\">\n<div dir=\"ltr\">\n<div><\/div>\n<div style=\"text-align: justify;\">A COVID-19 colocou todo mundo em quarentena, com isolamento social, acabou com todos os eventos que permitiam aquela aglomera\u00e7\u00e3o que muita\u00a0gente gosta.<\/div>\n<div style=\"text-align: justify;\">E n\u00e3o\u00a0parou por a\u00ed, deixamos tamb\u00e9m de frequentar nossos locais de trabalho, e passamos a trabalhar em home-office. Surgiram as lives como movimento art\u00edstico e cultural e as confer\u00eancias de v\u00eddeo passaram a ser uma realidade para reuni\u00f5es de trabalho, aulas on-line e at\u00e9 mesmo festas com aglomera\u00e7\u00f5es apenas no mundo virtual.<\/div>\n<div style=\"text-align: justify;\">Sim! Estamos todos em casa\u00a0 &#8216;quarentenando&#8217; mas nem por isso precisamos ficar com cara abatida n\u00e3o \u00e9? A maquiagem super elaborada d\u00e1 lugar \u00e0 maquiagem funcional que simplesmente deixa a gente com aquela cara saud\u00e1vel e natural. E ATEN\u00c7\u00c3O!! As dicas a seguir podem ser usadas por homens e mulheres!<\/div>\n<div>Anota a\u00ed um passo a passo\u00a0 de uma make simples e pr\u00e1tica:<\/div>\n<div style=\"text-align: justify;\">LIMPE E HIDRATE o rosto com sabonete espec\u00edfico\u00a0+ o seu hidratante preferido. Evite usar algo que n\u00e3o seja pro seu tipo de pele (ex: pele oleosa\/hidratante para pele seca).<\/div>\n<div style=\"text-align: justify;\">APLIQUE BASE com a ponta dos dedos dando batidinhas no rosto todo. evite esfregar demais a pele para n\u00e3o obstruir os poros.<\/div>\n<div>APLIQUE O CORRETIVO somente se estiver com olheiras. Se n\u00e3o tiver pule esta etapa. d\u00ea um descanso \u00e0 sua pele com menos produtos.<\/div>\n<div>P\u00d3 FACIAL use somente na zona T (testa &#8211; nariz &#8211; queixo) aplique com pincel o com a esponjinha do produto com batidinhas, n\u00e3o esfregue!<\/div>\n<div style=\"text-align: justify;\">APLIQUE UM PROTETOR LABIAL ou Um gloss nos l\u00e1bios\u00a0para dar um &#8216;up&#8217; na hidrata\u00e7\u00e3o, as mulheres podem caprichar na cor do batom aqui!<\/div>\n<div style=\"text-align: justify;\">BLUSH \u00e9 bem vindo nos\u00a0tons coral ou terrosos para um aspecto mais natural. Homens tb podem usar blush sabia? basta aplicar no rosto simulando o bronzeado de praia (bochechas, nariz e testa). N\u00e3o exagere! O pessoal da empresa vai querer saber onde voc\u00ea arrumou esse bronze todo em plena quarentena!!<\/div>\n<div style=\"text-align: justify;\">As mulheres podem finalizar a make com um pouco de r\u00edmel\u00a0nos olhos, l\u00e1pis e contorno de sobrancelhas.<\/div>\n<div style=\"text-align: justify;\">E para os homens tem uma dica: utilize uma escova de dentes limpa, umedecida em \u00e1gua e passe nos fios da barba, bigode e sobrancelhas para remover o esbranqui\u00e7ado causado por res\u00edduos de maquiagem. Fica muito mais natural tamb\u00e9m.<\/div>\n<div style=\"text-align: justify;\">Aproveitem essas e outras dicas aqui no Som de Papo. Toda semana um conte\u00fado novo de beleza pra voc\u00ea.<\/div>\n<div><\/div>\n<div>KAL NASCIMENTO<\/div>\n<div>Beauty Artist<\/div>\n<div>@kalnascimentostudio<\/div>\n<div><\/div>\n<div><\/div>\n<div><\/div>\n<div>modelo: Aline Di Credico<\/div>\n<div>foto: Kal Nascimento<\/div>\n<div><\/div>\n<div><\/div>\n<div><\/div>\n<\/div>\n<\/div>\n<\/div>\n<div class=\"mail-message-footer spacer collapsible\"><\/div>\n<\/div>\n","protected":false},"excerpt":{"rendered":"<p>Por Kal Nascimento A COVID-19 colocou todo mundo em quarentena, com isolamento social, acabou com todos os eventos que permitiam aquela aglomera\u00e7\u00e3o que muita\u00a0gente gosta. E n\u00e3o\u00a0parou por a\u00ed, deixamos tamb\u00e9m de frequentar nossos locais de trabalho, e passamos a trabalhar em home-office. Surgiram as lives como movimento art\u00edstico e cultural e as confer\u00eancias de [&hellip;]<\/p>\n","protected":false},"author":1,"featured_media":23562,"comment_status":"open","ping_status":"open","sticky":false,"template":"","format":"standard","meta":{"ngg_post_thumbnail":0,"footnotes":""},"categories":[2,32,41],"tags":[],"class_list":["post-23561","post","type-post","status-publish","format-standard","has-post-thumbnail","hentry","category-destaques","category-estetica","category-ultimasnoticias"],"_links":{"self":[{"href":"https:\/\/somdepapo.com.br\/portal\/wp-json\/wp\/v2\/posts\/23561","targetHints":{"allow":["GET"]}}],"collection":[{"href":"https:\/\/somdepapo.com.br\/portal\/wp-json\/wp\/v2\/posts"}],"about":[{"href":"https:\/\/somdepapo.com.br\/portal\/wp-json\/wp\/v2\/types\/post"}],"author":[{"embeddable":true,"href":"https:\/\/somdepapo.com.br\/portal\/wp-json\/wp\/v2\/users\/1"}],"replies":[{"embeddable":true,"href":"https:\/\/somdepapo.com.br\/portal\/wp-json\/wp\/v2\/comments?post=23561"}],"version-history":[{"count":1,"href":"https:\/\/somdepapo.com.br\/portal\/wp-json\/wp\/v2\/posts\/23561\/revisions"}],"predecessor-version":[{"id":23563,"href":"https:\/\/somdepapo.com.br\/portal\/wp-json\/wp\/v2\/posts\/23561\/revisions\/23563"}],"wp:featuredmedia":[{"embeddable":true,"href":"https:\/\/somdepapo.com.br\/portal\/wp-json\/wp\/v2\/media\/23562"}],"wp:attachment":[{"href":"https:\/\/somdepapo.com.br\/portal\/wp-json\/wp\/v2\/media?parent=23561"}],"wp:term":[{"taxonomy":"category","embeddable":true,"href":"https:\/\/somdepapo.com.br\/portal\/wp-json\/wp\/v2\/categories?post=23561"},{"taxonomy":"post_tag","embeddable":true,"href":"https:\/\/somdepapo.com.br\/portal\/wp-json\/wp\/v2\/tags?post=23561"}],"curies":[{"name":"wp","href":"https:\/\/api.w.org\/{rel}","templated":true}]}}